{"id":193544,"date":"2025-12-22T20:55:34","date_gmt":"2025-12-23T02:55:34","guid":{"rendered":"https:\/\/www.buroperiodistico.com.mx\/?p=193544"},"modified":"2025-12-22T20:55:34","modified_gmt":"2025-12-23T02:55:34","slug":"un-trato-justo-apoyo-del-gobierno-de-carlos-pena-ortiz-a-185-productores-de-mas-de-35-ejidos","status":"publish","type":"post","link":"https:\/\/www.buroperiodistico.com.mx\/?p=193544","title":{"rendered":"Un \u00abTrato Justo\u00bb, apoyo del Gobierno de Carlos Pe\u00f1a Ortiz a 185 productores de m\u00e1s de 35 ejidos"},"content":{"rendered":"<ul>\n<li><strong><em>Con m\u00e1s de 26 toneladas de sorgo impulsa al campo reynosense.<\/em><\/strong><\/li>\n<\/ul>\n<p><strong><img loading=\"lazy\" decoding=\"async\" class=\" wp-image-193553 alignright\" src=\"https:\/\/www.buroperiodistico.com.mx\/wp-content\/uploads\/2025\/12\/CPox-13.jpeg\" alt=\"\" width=\"479\" height=\"289\" srcset=\"https:\/\/www.buroperiodistico.com.mx\/wp-content\/uploads\/2025\/12\/CPox-13.jpeg 1024w, https:\/\/www.buroperiodistico.com.mx\/wp-content\/uploads\/2025\/12\/CPox-13-300x181.jpeg 300w, https:\/\/www.buroperiodistico.com.mx\/wp-content\/uploads\/2025\/12\/CPox-13-768x464.jpeg 768w\" sizes=\"auto, (max-width: 479px) 100vw, 479px\" \/>Reynosa, Tam (22-Diciembre-2025).-<\/strong> Al presidir la entrega de 26 toneladas y 820 kilos de semilla de sorgo a 185 productores del campo reynosense en m\u00e1s de 35 ejidos, mediante el programa municipal \u00abTrato Justo\u00bb, el Alcalde Carlos Pe\u00f1a Ortiz los invit\u00f3 a analizar el cambio de cultivos: &#8216;tenemos que empezar a diversificar para poder mejorar rendimiento e ingreso; el sorgo dio treinta, cuarenta a\u00f1os pero se ha batallado much\u00edsimo, hay que empezar a explorar la soya, el ajonjol\u00ed\u00bb.<\/p>\n<p>La reuni\u00f3n con los agricultores cont\u00f3 con la participaci\u00f3n de la Senadora Maki Esther Ortiz Dom\u00ednguez, quien inform\u00f3 sobre notables cambios y avances mediante sus reuniones con productores de diversas regiones y presentaci\u00f3n de iniciativas, \u00abcuenten conmigo, mi oficina, con gente que tiene capacidad para para escribir, para hacer art\u00edculos que nos convengan\u00bb, dijo y reconoci\u00f3 el apoyo de la Diputada Federal Olga Juliana Elizondo Guerra, presente en el evento, as\u00ed como de Casandra Priscilla De los Santos Flores, tambi\u00e9n Legisladora Federal y el Diputado Local Juan Carlos Zertuche Romero.<\/p>\n<p>La reuni\u00f3n fue presentada por el Secretario de Desarrollo Econ\u00f3mico y del Empleo del Municipio, Mauricio Trevi\u00f1o Garza, contando con la presencia del Regidor Jorge Eduardo G\u00f3mez Flores, Coordinador de la Comisi\u00f3n de Desarrollo Rural y Agr\u00edcola del Cabildo; Gumaro Ram\u00edrez Franco, T\u00e9cnico Agroecol\u00f3gico de la Secretar\u00eda de Agricultura y Desarrollo Rural, Federal; Claudia Teresa Santos D\u00e1vila, Directora de Desarrollo Agropecuario Municipal; Gabriel Armend\u00e1riz Escobedo, Presidente del Comit\u00e9 Municipal Campesino; Eleodoro Quintero Ballesteros, representante de los beneficiados;Regidores: Mar\u00eda Anselma Herrera Rodr\u00edguez, Silvia Carmina Rodr\u00edguez Trevi\u00f1o, Mario Soria Jr., Mar\u00eda del Carmen Palma Navarro, Benito S\u00e1enz Varela, y funcionarios municipales.<\/p>\n<p>#ReynosaImparable<br \/>\n#GobiernoMunicipalDeReynosa<\/p>\n<p><img loading=\"lazy\" decoding=\"async\" class=\"aligncenter size-full wp-image-193545\" src=\"https:\/\/www.buroperiodistico.com.mx\/wp-content\/uploads\/2025\/12\/CPox-I-13.jpeg\" alt=\"\" width=\"640\" height=\"427\" srcset=\"https:\/\/www.buroperiodistico.com.mx\/wp-content\/uploads\/2025\/12\/CPox-I-13.jpeg 640w, https:\/\/www.buroperiodistico.com.mx\/wp-content\/uploads\/2025\/12\/CPox-I-13-300x200.jpeg 300w\" sizes=\"auto, (max-width: 640px) 100vw, 640px\" \/> <img loading=\"lazy\" decoding=\"async\" class=\"aligncenter size-full wp-image-193552\" src=\"https:\/\/www.buroperiodistico.com.mx\/wp-content\/uploads\/2025\/12\/CPox-IIIIIIII-5.jpeg\" alt=\"\" width=\"640\" height=\"427\" srcset=\"https:\/\/www.buroperiodistico.com.mx\/wp-content\/uploads\/2025\/12\/CPox-IIIIIIII-5.jpeg 640w, https:\/\/www.buroperiodistico.com.mx\/wp-content\/uploads\/2025\/12\/CPox-IIIIIIII-5-300x200.jpeg 300w\" sizes=\"auto, (max-width: 640px) 100vw, 640px\" \/> <img loading=\"lazy\" decoding=\"async\" class=\"aligncenter size-full wp-image-193551\" src=\"https:\/\/www.buroperiodistico.com.mx\/wp-content\/uploads\/2025\/12\/CPox-IIIIIII-7.jpeg\" alt=\"\" width=\"640\" height=\"427\" srcset=\"https:\/\/www.buroperiodistico.com.mx\/wp-content\/uploads\/2025\/12\/CPox-IIIIIII-7.jpeg 640w, https:\/\/www.buroperiodistico.com.mx\/wp-content\/uploads\/2025\/12\/CPox-IIIIIII-7-300x200.jpeg 300w\" sizes=\"auto, (max-width: 640px) 100vw, 640px\" \/> <img loading=\"lazy\" decoding=\"async\" class=\"aligncenter size-full wp-image-193550\" src=\"https:\/\/www.buroperiodistico.com.mx\/wp-content\/uploads\/2025\/12\/CPox-IIIIII-8.jpeg\" alt=\"\" width=\"640\" height=\"427\" srcset=\"https:\/\/www.buroperiodistico.com.mx\/wp-content\/uploads\/2025\/12\/CPox-IIIIII-8.jpeg 640w, https:\/\/www.buroperiodistico.com.mx\/wp-content\/uploads\/2025\/12\/CPox-IIIIII-8-300x200.jpeg 300w\" sizes=\"auto, (max-width: 640px) 100vw, 640px\" \/> <img loading=\"lazy\" decoding=\"async\" class=\"aligncenter size-full wp-image-193549\" src=\"https:\/\/www.buroperiodistico.com.mx\/wp-content\/uploads\/2025\/12\/CPox-IIIII-8.jpeg\" alt=\"\" width=\"640\" height=\"427\" srcset=\"https:\/\/www.buroperiodistico.com.mx\/wp-content\/uploads\/2025\/12\/CPox-IIIII-8.jpeg 640w, https:\/\/www.buroperiodistico.com.mx\/wp-content\/uploads\/2025\/12\/CPox-IIIII-8-300x200.jpeg 300w\" sizes=\"auto, (max-width: 640px) 100vw, 640px\" \/> <img loading=\"lazy\" decoding=\"async\" class=\"aligncenter size-full wp-image-193548\" src=\"https:\/\/www.buroperiodistico.com.mx\/wp-content\/uploads\/2025\/12\/CPox-IIII-9.jpeg\" alt=\"\" width=\"640\" height=\"427\" srcset=\"https:\/\/www.buroperiodistico.com.mx\/wp-content\/uploads\/2025\/12\/CPox-IIII-9.jpeg 640w, https:\/\/www.buroperiodistico.com.mx\/wp-content\/uploads\/2025\/12\/CPox-IIII-9-300x200.jpeg 300w\" sizes=\"auto, (max-width: 640px) 100vw, 640px\" \/> <img loading=\"lazy\" decoding=\"async\" class=\"aligncenter size-full wp-image-193547\" src=\"https:\/\/www.buroperiodistico.com.mx\/wp-content\/uploads\/2025\/12\/CPox-III-12.jpeg\" alt=\"\" width=\"640\" height=\"427\" srcset=\"https:\/\/www.buroperiodistico.com.mx\/wp-content\/uploads\/2025\/12\/CPox-III-12.jpeg 640w, https:\/\/www.buroperiodistico.com.mx\/wp-content\/uploads\/2025\/12\/CPox-III-12-300x200.jpeg 300w\" sizes=\"auto, (max-width: 640px) 100vw, 640px\" \/> <img loading=\"lazy\" decoding=\"async\" class=\"aligncenter size-full wp-image-193546\" src=\"https:\/\/www.buroperiodistico.com.mx\/wp-content\/uploads\/2025\/12\/CPox-II-12.jpeg\" alt=\"\" width=\"640\" height=\"427\" srcset=\"https:\/\/www.buroperiodistico.com.mx\/wp-content\/uploads\/2025\/12\/CPox-II-12.jpeg 640w, https:\/\/www.buroperiodistico.com.mx\/wp-content\/uploads\/2025\/12\/CPox-II-12-300x200.jpeg 300w\" sizes=\"auto, (max-width: 640px) 100vw, 640px\" \/><\/p>\n","protected":false},"excerpt":{"rendered":"<p>Con m\u00e1s de 26 toneladas de sorgo impulsa al campo reynosense. Reynosa, Tam (22-Diciembre-2025).- Al&#8230;<\/p>\n","protected":false},"author":1,"featured_media":193553,"comment_status":"closed","ping_status":"closed","sticky":false,"template":"","format":"standard","meta":{"footnotes":"","jetpack_publicize_message":"","jetpack_publicize_feature_enabled":true,"jetpack_social_post_already_shared":true,"jetpack_social_options":{"image_generator_settings":{"template":"highway","default_image_id":0,"font":"","enabled":false},"version":2}},"categories":[25,9],"tags":[],"class_list":["post-193544","post","type-post","status-publish","format-standard","has-post-thumbnail","hentry","category-portada","category-reynosa"],"jetpack_publicize_connections":[],"_links":{"self":[{"href":"https:\/\/www.buroperiodistico.com.mx\/index.php?rest_route=\/wp\/v2\/posts\/193544","targetHints":{"allow":["GET"]}}],"collection":[{"href":"https:\/\/www.buroperiodistico.com.mx\/index.php?rest_route=\/wp\/v2\/posts"}],"about":[{"href":"https:\/\/www.buroperiodistico.com.mx\/index.php?rest_route=\/wp\/v2\/types\/post"}],"author":[{"embeddable":true,"href":"https:\/\/www.buroperiodistico.com.mx\/index.php?rest_route=\/wp\/v2\/users\/1"}],"replies":[{"embeddable":true,"href":"https:\/\/www.buroperiodistico.com.mx\/index.php?rest_route=%2Fwp%2Fv2%2Fcomments&post=193544"}],"version-history":[{"count":1,"href":"https:\/\/www.buroperiodistico.com.mx\/index.php?rest_route=\/wp\/v2\/posts\/193544\/revisions"}],"predecessor-version":[{"id":193554,"href":"https:\/\/www.buroperiodistico.com.mx\/index.php?rest_route=\/wp\/v2\/posts\/193544\/revisions\/193554"}],"wp:featuredmedia":[{"embeddable":true,"href":"https:\/\/www.buroperiodistico.com.mx\/index.php?rest_route=\/wp\/v2\/media\/193553"}],"wp:attachment":[{"href":"https:\/\/www.buroperiodistico.com.mx\/index.php?rest_route=%2Fwp%2Fv2%2Fmedia&parent=193544"}],"wp:term":[{"taxonomy":"category","embeddable":true,"href":"https:\/\/www.buroperiodistico.com.mx\/index.php?rest_route=%2Fwp%2Fv2%2Fcategories&post=193544"},{"taxonomy":"post_tag","embeddable":true,"href":"https:\/\/www.buroperiodistico.com.mx\/index.php?rest_route=%2Fwp%2Fv2%2Ftags&post=193544"}],"curies":[{"name":"wp","href":"https:\/\/api.w.org\/{rel}","templated":true}]}}