{"id":193536,"date":"2025-12-22T19:45:04","date_gmt":"2025-12-23T01:45:04","guid":{"rendered":"https:\/\/www.buroperiodistico.com.mx\/?p=193536"},"modified":"2025-12-22T19:45:04","modified_gmt":"2025-12-23T01:45:04","slug":"evaluan-trabajo-de-vigilancia-sanitaria-para-la-prevencion-de-enfermedades-epidemiologicas","status":"publish","type":"post","link":"https:\/\/www.buroperiodistico.com.mx\/?p=193536","title":{"rendered":"Eval\u00faan trabajo de vigilancia sanitaria para la prevenci\u00f3n de enfermedades epidemiol\u00f3gicas"},"content":{"rendered":"<p><em><strong><img loading=\"lazy\" decoding=\"async\" class=\" wp-image-193538 alignright\" src=\"https:\/\/www.buroperiodistico.com.mx\/wp-content\/uploads\/2025\/12\/Consejotecnicoepidemiologia.jpeg\" alt=\"\" width=\"496\" height=\"315\" srcset=\"https:\/\/www.buroperiodistico.com.mx\/wp-content\/uploads\/2025\/12\/Consejotecnicoepidemiologia.jpeg 1024w, https:\/\/www.buroperiodistico.com.mx\/wp-content\/uploads\/2025\/12\/Consejotecnicoepidemiologia-300x190.jpeg 300w, https:\/\/www.buroperiodistico.com.mx\/wp-content\/uploads\/2025\/12\/Consejotecnicoepidemiologia-768x488.jpeg 768w\" sizes=\"auto, (max-width: 496px) 100vw, 496px\" \/>CD. VICTORIA, TAMAULIPAS (22-Diciembre-2025).-<\/strong><\/em> En la novena reuni\u00f3n ordinara del Grupo T\u00e9cnico Interinstitucional, del Comit\u00e9 Estatal de Vigilancia Epidemiol\u00f3gica, se evalu\u00f3 el trabajo realizado de los programas prioritarios y que requirieron de vigilancia sanitaria durante el a\u00f1o como el sarampi\u00f3n, las enfermedades diarreicas agudas, entre otras, as\u00ed como se emitieron los avisos preventivos de padecimientos como el chikungunya; enfermedad de manos, pie y boca; influenza aviar, tosferina y rabia.<\/p>\n<p>En representaci\u00f3n del secretario de Salud, Vicente Joel Hern\u00e1ndez Navarro, el director de Epidemiolog\u00eda, Sergio Uriegas Camargo, encabez\u00f3 la reuni\u00f3n del Grupo T\u00e9cnico en donde se analiz\u00f3 el trabajo realizado para mantener a la poblaci\u00f3n libre de riesgos epidemiol\u00f3gicos, teniendo como resultado un desempe\u00f1o sobresaliente.<\/p>\n<p>\u201cCon el fortalecimiento de las estrategias como las realizadas para contener el sarampi\u00f3n en el estado, en donde se mantuvo la prevalencia en 12 casos; el fortalecimiento de las estrategias y el manejo de informaci\u00f3n para proteger la salud p\u00fablica, el estado obtuvo un desempe\u00f1o sobresaliente\u201d, destac\u00f3 Uriegas Camargo.<\/p>\n<p>Dijo que la instrucci\u00f3n del gobernador Am\u00e9rico Villarreal Anaya, es mantener la coordinaci\u00f3n entre las dependencias involucradas para estandarizar los procesos preventivos como de detecci\u00f3n oportuna y atenci\u00f3n de los padecimientos como los antes mencionados.<\/p>\n<p>En lo referente a los avisos preventivos, Uriegas Camargo destac\u00f3 la alerta epidemiol\u00f3gica global que emiti\u00f3 la Organizaci\u00f3n Panamericana de la Salud (OPS) referente a los casos registrados en 110 pa\u00edses por la circulaci\u00f3n del virus chikungunya, que aunque en M\u00e9xico a\u00fan no se encuentra en riesgo, el monitoreo y las alertas preventivas deben incrementarse.<\/p>\n<p>De igual manera, inform\u00f3 que, aunque la enfermedad de manos, pie y boca han disminuido en las \u00faltimas semanas, en este a\u00f1o se registraron 866 casos, principalmente en ni\u00f1os y ni\u00f1as de nivel k\u00ednder y primaria, de los cuales 683 se presentaron en menores de 4 a\u00f1os.<\/p>\n<p>En cuanto a la situaci\u00f3n de la tosferina, el epidemi\u00f3logo estatal se\u00f1al\u00f3 que se ha tenido un aumento global de este padecimiento a causa de la barrera inmunol\u00f3gica que se present\u00f3 a partir del 2020 y actualmente en M\u00e9xico se han registrado 1561 casos y en Tamaulipas se tiene un reporte de 40 pacientes.<\/p>\n<p>Por \u00faltimo, present\u00f3 la actualizaci\u00f3n del Manuel de Procedimientos Estandarizados para la Vigilancia Epidemiol\u00f3gica de Rabia Humana, para ello se debe reforzar las capacitaciones y actividades epidemiol\u00f3gicas para vigilar este padecimiento y evitar su resurgimiento en territorio tamaulipeco.<\/p>\n<p>En este encuentro, que se llev\u00f3 a cabo de manera virtual, particip\u00f3 el grupo de epidemi\u00f3logos de la Secretar\u00eda de Salud; Julita Portilla Sosa, de Sistemas de Informaci\u00f3n; Hugo Horacio Vargas Reyes, de Vigilancia de Enfermedades Transmisibles; y Gustavo Sauceda Ram\u00edrez, de Vigilancia de Enfermedades No Transmisibles.<\/p>\n<p><img loading=\"lazy\" decoding=\"async\" class=\"aligncenter size-full wp-image-193537\" src=\"https:\/\/www.buroperiodistico.com.mx\/wp-content\/uploads\/2025\/12\/Consejotecnicoepidemiologia-I.jpeg\" alt=\"\" width=\"638\" height=\"480\" srcset=\"https:\/\/www.buroperiodistico.com.mx\/wp-content\/uploads\/2025\/12\/Consejotecnicoepidemiologia-I.jpeg 638w, https:\/\/www.buroperiodistico.com.mx\/wp-content\/uploads\/2025\/12\/Consejotecnicoepidemiologia-I-300x226.jpeg 300w\" sizes=\"auto, (max-width: 638px) 100vw, 638px\" \/><\/p>\n","protected":false},"excerpt":{"rendered":"<p>CD. VICTORIA, TAMAULIPAS (22-Diciembre-2025).- En la novena reuni\u00f3n ordinara del Grupo T\u00e9cnico Interinstitucional, del Comit\u00e9&#8230;<\/p>\n","protected":false},"author":1,"featured_media":193538,"comment_status":"closed","ping_status":"closed","sticky":false,"template":"","format":"standard","meta":{"footnotes":"","jetpack_publicize_message":"","jetpack_publicize_feature_enabled":true,"jetpack_social_post_already_shared":true,"jetpack_social_options":{"image_generator_settings":{"template":"highway","default_image_id":0,"font":"","enabled":false},"version":2}},"categories":[10],"tags":[],"class_list":["post-193536","post","type-post","status-publish","format-standard","has-post-thumbnail","hentry","category-tamaulipas"],"jetpack_publicize_connections":[],"_links":{"self":[{"href":"https:\/\/www.buroperiodistico.com.mx\/index.php?rest_route=\/wp\/v2\/posts\/193536","targetHints":{"allow":["GET"]}}],"collection":[{"href":"https:\/\/www.buroperiodistico.com.mx\/index.php?rest_route=\/wp\/v2\/posts"}],"about":[{"href":"https:\/\/www.buroperiodistico.com.mx\/index.php?rest_route=\/wp\/v2\/types\/post"}],"author":[{"embeddable":true,"href":"https:\/\/www.buroperiodistico.com.mx\/index.php?rest_route=\/wp\/v2\/users\/1"}],"replies":[{"embeddable":true,"href":"https:\/\/www.buroperiodistico.com.mx\/index.php?rest_route=%2Fwp%2Fv2%2Fcomments&post=193536"}],"version-history":[{"count":1,"href":"https:\/\/www.buroperiodistico.com.mx\/index.php?rest_route=\/wp\/v2\/posts\/193536\/revisions"}],"predecessor-version":[{"id":193539,"href":"https:\/\/www.buroperiodistico.com.mx\/index.php?rest_route=\/wp\/v2\/posts\/193536\/revisions\/193539"}],"wp:featuredmedia":[{"embeddable":true,"href":"https:\/\/www.buroperiodistico.com.mx\/index.php?rest_route=\/wp\/v2\/media\/193538"}],"wp:attachment":[{"href":"https:\/\/www.buroperiodistico.com.mx\/index.php?rest_route=%2Fwp%2Fv2%2Fmedia&parent=193536"}],"wp:term":[{"taxonomy":"category","embeddable":true,"href":"https:\/\/www.buroperiodistico.com.mx\/index.php?rest_route=%2Fwp%2Fv2%2Fcategories&post=193536"},{"taxonomy":"post_tag","embeddable":true,"href":"https:\/\/www.buroperiodistico.com.mx\/index.php?rest_route=%2Fwp%2Fv2%2Ftags&post=193536"}],"curies":[{"name":"wp","href":"https:\/\/api.w.org\/{rel}","templated":true}]}}