{"id":193532,"date":"2025-12-22T18:31:50","date_gmt":"2025-12-23T00:31:50","guid":{"rendered":"https:\/\/www.buroperiodistico.com.mx\/?p=193532"},"modified":"2025-12-22T18:31:50","modified_gmt":"2025-12-23T00:31:50","slug":"modifico-cabildo-presupuesto-de-egresos-y-plan-de-obra-publica-2025","status":"publish","type":"post","link":"https:\/\/www.buroperiodistico.com.mx\/?p=193532","title":{"rendered":"Modific\u00f3 Cabildo presupuesto de Egresos y Plan de Obra P\u00fablica 2025"},"content":{"rendered":"<p><em><strong>Reynosa, Tam (22-Diciembre-2025).-<\/strong><\/em> El Cabildo de Reynosa llev\u00f3 a cabo su LIX, Quincuag\u00e9sima Novena Sesi\u00f3n, en car\u00e1cter de Ordinaria, este lunes 22 de diciembre, la cual fue presidida por el Alcalde Carlos Pe\u00f1a Ortiz y en la que Por unanimidad se logr\u00f3 la aprobaci\u00f3n de tres Dict\u00e1menes para lograr una mejor eficiencia en el manejo de los recursos p\u00fablicos de la ciudad.<\/p>\n<p>En esta Sesi\u00f3n, la Comisi\u00f3n de Hacienda, Presupuesto y Gasto P\u00fablico present\u00f3 las propuestas para su an\u00e1lisis, discusi\u00f3n y, en su caso aprobaci\u00f3n: Modificaci\u00f3n al Programa Anual de Obra P\u00fablica para el Ejercicio 2025; y Transferencias, Ampliaciones y Reducciones al Presupuesto de Egresos, Ejercicio Fiscal 2025, del Municipio de Reynosa.<\/p>\n<p><img loading=\"lazy\" decoding=\"async\" class=\"aligncenter  wp-image-193534\" src=\"https:\/\/www.buroperiodistico.com.mx\/wp-content\/uploads\/2025\/12\/CPox-12.jpeg\" alt=\"\" width=\"677\" height=\"422\" srcset=\"https:\/\/www.buroperiodistico.com.mx\/wp-content\/uploads\/2025\/12\/CPox-12.jpeg 1024w, https:\/\/www.buroperiodistico.com.mx\/wp-content\/uploads\/2025\/12\/CPox-12-300x187.jpeg 300w, https:\/\/www.buroperiodistico.com.mx\/wp-content\/uploads\/2025\/12\/CPox-12-768x479.jpeg 768w\" sizes=\"auto, (max-width: 677px) 100vw, 677px\" \/> <img loading=\"lazy\" decoding=\"async\" class=\"aligncenter size-full wp-image-193533\" src=\"https:\/\/www.buroperiodistico.com.mx\/wp-content\/uploads\/2025\/12\/CPox-I-12.jpeg\" alt=\"\" width=\"640\" height=\"403\" srcset=\"https:\/\/www.buroperiodistico.com.mx\/wp-content\/uploads\/2025\/12\/CPox-I-12.jpeg 640w, https:\/\/www.buroperiodistico.com.mx\/wp-content\/uploads\/2025\/12\/CPox-I-12-300x189.jpeg 300w\" sizes=\"auto, (max-width: 640px) 100vw, 640px\" \/><\/p>\n","protected":false},"excerpt":{"rendered":"<p>Reynosa, Tam (22-Diciembre-2025).- El Cabildo de Reynosa llev\u00f3 a cabo su LIX, Quincuag\u00e9sima Novena Sesi\u00f3n,&#8230;<\/p>\n","protected":false},"author":1,"featured_media":193534,"comment_status":"closed","ping_status":"closed","sticky":false,"template":"","format":"standard","meta":{"footnotes":"","jetpack_publicize_message":"","jetpack_publicize_feature_enabled":true,"jetpack_social_post_already_shared":true,"jetpack_social_options":{"image_generator_settings":{"template":"highway","default_image_id":0,"font":"","enabled":false},"version":2}},"categories":[25,9],"tags":[],"class_list":["post-193532","post","type-post","status-publish","format-standard","has-post-thumbnail","hentry","category-portada","category-reynosa"],"jetpack_publicize_connections":[],"_links":{"self":[{"href":"https:\/\/www.buroperiodistico.com.mx\/index.php?rest_route=\/wp\/v2\/posts\/193532","targetHints":{"allow":["GET"]}}],"collection":[{"href":"https:\/\/www.buroperiodistico.com.mx\/index.php?rest_route=\/wp\/v2\/posts"}],"about":[{"href":"https:\/\/www.buroperiodistico.com.mx\/index.php?rest_route=\/wp\/v2\/types\/post"}],"author":[{"embeddable":true,"href":"https:\/\/www.buroperiodistico.com.mx\/index.php?rest_route=\/wp\/v2\/users\/1"}],"replies":[{"embeddable":true,"href":"https:\/\/www.buroperiodistico.com.mx\/index.php?rest_route=%2Fwp%2Fv2%2Fcomments&post=193532"}],"version-history":[{"count":1,"href":"https:\/\/www.buroperiodistico.com.mx\/index.php?rest_route=\/wp\/v2\/posts\/193532\/revisions"}],"predecessor-version":[{"id":193535,"href":"https:\/\/www.buroperiodistico.com.mx\/index.php?rest_route=\/wp\/v2\/posts\/193532\/revisions\/193535"}],"wp:featuredmedia":[{"embeddable":true,"href":"https:\/\/www.buroperiodistico.com.mx\/index.php?rest_route=\/wp\/v2\/media\/193534"}],"wp:attachment":[{"href":"https:\/\/www.buroperiodistico.com.mx\/index.php?rest_route=%2Fwp%2Fv2%2Fmedia&parent=193532"}],"wp:term":[{"taxonomy":"category","embeddable":true,"href":"https:\/\/www.buroperiodistico.com.mx\/index.php?rest_route=%2Fwp%2Fv2%2Fcategories&post=193532"},{"taxonomy":"post_tag","embeddable":true,"href":"https:\/\/www.buroperiodistico.com.mx\/index.php?rest_route=%2Fwp%2Fv2%2Ftags&post=193532"}],"curies":[{"name":"wp","href":"https:\/\/api.w.org\/{rel}","templated":true}]}}