{"id":193528,"date":"2025-12-22T18:25:17","date_gmt":"2025-12-23T00:25:17","guid":{"rendered":"https:\/\/www.buroperiodistico.com.mx\/?p=193528"},"modified":"2025-12-22T18:25:17","modified_gmt":"2025-12-23T00:25:17","slug":"gobierno-de-nuevo-laredo-consolida-finanzas-sanas-con-recaudacion-historica-del-predial","status":"publish","type":"post","link":"https:\/\/www.buroperiodistico.com.mx\/?p=193528","title":{"rendered":"GOBIERNO DE NUEVO LAREDO CONSOLIDA FINANZAS SANAS CON RECAUDACI\u00d3N HIST\u00d3RICA DEL PREDIAL"},"content":{"rendered":"<p><em><strong><img loading=\"lazy\" decoding=\"async\" class=\" wp-image-193530 alignright\" src=\"https:\/\/www.buroperiodistico.com.mx\/wp-content\/uploads\/2025\/12\/Pagox.jpeg\" alt=\"\" width=\"469\" height=\"292\" srcset=\"https:\/\/www.buroperiodistico.com.mx\/wp-content\/uploads\/2025\/12\/Pagox.jpeg 1024w, https:\/\/www.buroperiodistico.com.mx\/wp-content\/uploads\/2025\/12\/Pagox-300x187.jpeg 300w, https:\/\/www.buroperiodistico.com.mx\/wp-content\/uploads\/2025\/12\/Pagox-768x478.jpeg 768w\" sizes=\"auto, (max-width: 469px) 100vw, 469px\" \/>Nuevo Laredo, Tam (22-Diciembre-2025).-<\/strong><\/em> Como resultado de una pol\u00edtica p\u00fablica orientada a la responsabilidad financiera, la transparencia y la cercan\u00eda con la ciudadan\u00eda, el Gobierno Municipal de Nuevo Laredo consolida avances hist\u00f3ricos en la recaudaci\u00f3n del impuesto predial, fortaleciendo de manera directa la capacidad del municipio para impulsar obras y acciones de alto impacto social.<\/p>\n<p>A la fecha, se cuenta con m\u00e1s de 105 mil 400 cuentas recaudadas, lo que representa un incremento del 32 por ciento en comparaci\u00f3n con el mismo periodo del a\u00f1o anterior, cuando al cierre del ejercicio 2024 se alcanzaron alrededor de 95 mil cuentas.<\/p>\n<p>En t\u00e9rminos financieros, la recaudaci\u00f3n acumulada por concepto de impuesto predial asciende a 182 millones 206 mil 250 pesos, cifra hist\u00f3rica que permite fortalecer las finanzas municipales y garantizar mayores recursos para la ejecuci\u00f3n de obras, programas y servicios en beneficio de la ciudadan\u00eda.<\/p>\n<p>Al respecto, la presidenta municipal, Carmen Lilia Canturosas Villarreal, destac\u00f3 que estos resultados son reflejo de una administraci\u00f3n cercana y responsable.<\/p>\n<p>\u201cQuiero compartirles que hoy nuestro municipio registra muy buenos resultados en la recaudaci\u00f3n del impuesto predial, reflejo de la confianza de la ciudadan\u00eda y del trabajo responsable que venimos realizando. Cuando gobierno y sociedad trabajamos de la mano, Nuevo Laredo avanza con orden, responsabilidad y bienestar para todas y todos\u201d, expres\u00f3 la alcaldesa.<\/p>\n<p>La alcaldesa inform\u00f3 que el Gobierno Municipal, a trav\u00e9s del Cabildo, autoriz\u00f3 la condonaci\u00f3n del 100 por ciento en recargos del impuesto predial durante el mes de enero de 2026, como una medida de apoyo directo a la econom\u00eda de las familias neolaredenses.<\/p>\n<p>De igual manera, se aprob\u00f3 un descuento del 15 por ciento en pagos anticipados y el 50 por ciento de descuento en pagos de propiedades de la tercera edad y discapacitadas, incentivando el cumplimiento oportuno de esta contribuci\u00f3n y fortaleciendo la cultura de responsabilidad fiscal.<\/p>\n<div>Como parte de las facilidades otorgadas a las y los contribuyentes, se han concretado m\u00e1s de 2 mil convenios, los cuales culminan durante el presente mes de diciembre, brindando alternativas accesibles para que las familias puedan regularizar su situaci\u00f3n fiscal.<\/div>\n<div><\/div>\n<div><img loading=\"lazy\" decoding=\"async\" class=\"aligncenter size-full wp-image-193529\" src=\"https:\/\/www.buroperiodistico.com.mx\/wp-content\/uploads\/2025\/12\/Pagox-I.jpeg\" alt=\"\" width=\"640\" height=\"427\" srcset=\"https:\/\/www.buroperiodistico.com.mx\/wp-content\/uploads\/2025\/12\/Pagox-I.jpeg 640w, https:\/\/www.buroperiodistico.com.mx\/wp-content\/uploads\/2025\/12\/Pagox-I-300x200.jpeg 300w\" sizes=\"auto, (max-width: 640px) 100vw, 640px\" \/><\/div>\n","protected":false},"excerpt":{"rendered":"<p>Nuevo Laredo, Tam (22-Diciembre-2025).- Como resultado de una pol\u00edtica p\u00fablica orientada a la responsabilidad financiera,&#8230;<\/p>\n","protected":false},"author":1,"featured_media":193530,"comment_status":"closed","ping_status":"closed","sticky":false,"template":"","format":"standard","meta":{"footnotes":"","jetpack_publicize_message":"","jetpack_publicize_feature_enabled":true,"jetpack_social_post_already_shared":true,"jetpack_social_options":{"image_generator_settings":{"template":"highway","default_image_id":0,"font":"","enabled":false},"version":2}},"categories":[16],"tags":[],"class_list":["post-193528","post","type-post","status-publish","format-standard","has-post-thumbnail","hentry","category-nuevolaredo"],"jetpack_publicize_connections":[],"_links":{"self":[{"href":"https:\/\/www.buroperiodistico.com.mx\/index.php?rest_route=\/wp\/v2\/posts\/193528","targetHints":{"allow":["GET"]}}],"collection":[{"href":"https:\/\/www.buroperiodistico.com.mx\/index.php?rest_route=\/wp\/v2\/posts"}],"about":[{"href":"https:\/\/www.buroperiodistico.com.mx\/index.php?rest_route=\/wp\/v2\/types\/post"}],"author":[{"embeddable":true,"href":"https:\/\/www.buroperiodistico.com.mx\/index.php?rest_route=\/wp\/v2\/users\/1"}],"replies":[{"embeddable":true,"href":"https:\/\/www.buroperiodistico.com.mx\/index.php?rest_route=%2Fwp%2Fv2%2Fcomments&post=193528"}],"version-history":[{"count":1,"href":"https:\/\/www.buroperiodistico.com.mx\/index.php?rest_route=\/wp\/v2\/posts\/193528\/revisions"}],"predecessor-version":[{"id":193531,"href":"https:\/\/www.buroperiodistico.com.mx\/index.php?rest_route=\/wp\/v2\/posts\/193528\/revisions\/193531"}],"wp:featuredmedia":[{"embeddable":true,"href":"https:\/\/www.buroperiodistico.com.mx\/index.php?rest_route=\/wp\/v2\/media\/193530"}],"wp:attachment":[{"href":"https:\/\/www.buroperiodistico.com.mx\/index.php?rest_route=%2Fwp%2Fv2%2Fmedia&parent=193528"}],"wp:term":[{"taxonomy":"category","embeddable":true,"href":"https:\/\/www.buroperiodistico.com.mx\/index.php?rest_route=%2Fwp%2Fv2%2Fcategories&post=193528"},{"taxonomy":"post_tag","embeddable":true,"href":"https:\/\/www.buroperiodistico.com.mx\/index.php?rest_route=%2Fwp%2Fv2%2Ftags&post=193528"}],"curies":[{"name":"wp","href":"https:\/\/api.w.org\/{rel}","templated":true}]}}