{"id":193524,"date":"2025-12-22T18:22:03","date_gmt":"2025-12-23T00:22:03","guid":{"rendered":"https:\/\/www.buroperiodistico.com.mx\/?p=193524"},"modified":"2025-12-22T18:22:03","modified_gmt":"2025-12-23T00:22:03","slug":"proteccion-civil-mantiene-vigilancia-preventiva-en-el-rio-bravo-ante-incremento-en-extracciones-de-la-presa-la-amistad","status":"publish","type":"post","link":"https:\/\/www.buroperiodistico.com.mx\/?p=193524","title":{"rendered":"PROTECCI\u00d3N CIVIL MANTIENE VIGILANCIA PREVENTIVA EN EL R\u00cdO BRAVO ANTE INCREMENTO EN EXTRACCIONES DE LA PRESA LA AMISTAD"},"content":{"rendered":"<p><em><strong><img loading=\"lazy\" decoding=\"async\" class=\" wp-image-193526 alignright\" src=\"https:\/\/www.buroperiodistico.com.mx\/wp-content\/uploads\/2025\/12\/PCx.jpeg\" alt=\"\" width=\"464\" height=\"283\" srcset=\"https:\/\/www.buroperiodistico.com.mx\/wp-content\/uploads\/2025\/12\/PCx.jpeg 1024w, https:\/\/www.buroperiodistico.com.mx\/wp-content\/uploads\/2025\/12\/PCx-300x183.jpeg 300w, https:\/\/www.buroperiodistico.com.mx\/wp-content\/uploads\/2025\/12\/PCx-768x468.jpeg 768w\" sizes=\"auto, (max-width: 464px) 100vw, 464px\" \/>Nuevo Laredo, Tam.-<\/strong><\/em> El Gobierno Municipal de Nuevo Laredo informa que el nivel del r\u00edo Bravo registrar\u00e1 un incremento gradual derivado del aumento en las extracciones de la Presa La Amistad, pasando de 18.0 a 120.0 metros c\u00fabicos por segundo, de acuerdo con informaci\u00f3n oficial de la Comisi\u00f3n Internacional de L\u00edmites y Aguas (CILA).<\/p>\n<p>Este incremento podr\u00eda reflejarse en un aumento de hasta 1.3 metros en el \u00e1rea de los puentes internacionales, adem\u00e1s de una mayor velocidad del caudal, aunque se mantendr\u00e1 dentro de su cauce natural.<\/p>\n<p>Ante esta situaci\u00f3n, el Gobierno Municipal, a trav\u00e9s de la Direcci\u00f3n de Protecci\u00f3n Civil y Bomberos, activ\u00f3 de manera preventiva los protocolos de monitoreo y vigilancia, con el objetivo de evitar cualquier incidente y salvaguardar la integridad de la poblaci\u00f3n.<\/p>\n<p>Al respecto, el director de Protecci\u00f3n Civil y Bomberos de Nuevo Laredo, Humberto Fern\u00e1ndez Diez de Pinos, destac\u00f3 que las acciones preventivas ya se encuentran en marcha.<\/p>\n<p>\u201cEl incremento en el nivel del r\u00edo Bravo ser\u00e1 gradual; sin embargo, estamos actuando con anticipaci\u00f3n y responsabilidad. Nuestro personal mantiene vigilancia constante en las zonas de mayor riesgo y estamos preparados para responder de manera inmediata ante cualquier eventualidad\u201d, se\u00f1al\u00f3.<\/p>\n<div>Las autoridades municipales exhortan a la ciudadan\u00eda a evitar acercarse a las orillas del r\u00edo, no realizar actividades recreativas en la zona y mantenerse atenta a los avisos oficiales que emita Protecci\u00f3n Civil.<\/div>\n<div><\/div>\n<div>ENLACE DE DESCARGA DE TOMAS DE APOYO<\/div>\n<div><a title=\"https:\/\/ydray.com\/get\/t\/u1766430869137iAoq25b239fad140Hr\" href=\"https:\/\/ydray.com\/get\/t\/u1766430869137iAoq25b239fad140Hr\" data-auth=\"NotApplicable\" data-linkindex=\"0\">https:\/\/ydray.com\/get\/t\/u1766430869137iAoq25b239fad140Hr<\/a><\/div>\n<div><\/div>\n<div><img loading=\"lazy\" decoding=\"async\" class=\"aligncenter size-full wp-image-193525\" src=\"https:\/\/www.buroperiodistico.com.mx\/wp-content\/uploads\/2025\/12\/PCx-I.jpeg\" alt=\"\" width=\"640\" height=\"413\" srcset=\"https:\/\/www.buroperiodistico.com.mx\/wp-content\/uploads\/2025\/12\/PCx-I.jpeg 640w, https:\/\/www.buroperiodistico.com.mx\/wp-content\/uploads\/2025\/12\/PCx-I-300x194.jpeg 300w\" sizes=\"auto, (max-width: 640px) 100vw, 640px\" \/><\/div>\n","protected":false},"excerpt":{"rendered":"<p>Nuevo Laredo, Tam.- El Gobierno Municipal de Nuevo Laredo informa que el nivel del r\u00edo&#8230;<\/p>\n","protected":false},"author":1,"featured_media":193526,"comment_status":"closed","ping_status":"closed","sticky":false,"template":"","format":"standard","meta":{"footnotes":"","jetpack_publicize_message":"","jetpack_publicize_feature_enabled":true,"jetpack_social_post_already_shared":true,"jetpack_social_options":{"image_generator_settings":{"template":"highway","default_image_id":0,"font":"","enabled":false},"version":2}},"categories":[16],"tags":[],"class_list":["post-193524","post","type-post","status-publish","format-standard","has-post-thumbnail","hentry","category-nuevolaredo"],"jetpack_publicize_connections":[],"_links":{"self":[{"href":"https:\/\/www.buroperiodistico.com.mx\/index.php?rest_route=\/wp\/v2\/posts\/193524","targetHints":{"allow":["GET"]}}],"collection":[{"href":"https:\/\/www.buroperiodistico.com.mx\/index.php?rest_route=\/wp\/v2\/posts"}],"about":[{"href":"https:\/\/www.buroperiodistico.com.mx\/index.php?rest_route=\/wp\/v2\/types\/post"}],"author":[{"embeddable":true,"href":"https:\/\/www.buroperiodistico.com.mx\/index.php?rest_route=\/wp\/v2\/users\/1"}],"replies":[{"embeddable":true,"href":"https:\/\/www.buroperiodistico.com.mx\/index.php?rest_route=%2Fwp%2Fv2%2Fcomments&post=193524"}],"version-history":[{"count":1,"href":"https:\/\/www.buroperiodistico.com.mx\/index.php?rest_route=\/wp\/v2\/posts\/193524\/revisions"}],"predecessor-version":[{"id":193527,"href":"https:\/\/www.buroperiodistico.com.mx\/index.php?rest_route=\/wp\/v2\/posts\/193524\/revisions\/193527"}],"wp:featuredmedia":[{"embeddable":true,"href":"https:\/\/www.buroperiodistico.com.mx\/index.php?rest_route=\/wp\/v2\/media\/193526"}],"wp:attachment":[{"href":"https:\/\/www.buroperiodistico.com.mx\/index.php?rest_route=%2Fwp%2Fv2%2Fmedia&parent=193524"}],"wp:term":[{"taxonomy":"category","embeddable":true,"href":"https:\/\/www.buroperiodistico.com.mx\/index.php?rest_route=%2Fwp%2Fv2%2Fcategories&post=193524"},{"taxonomy":"post_tag","embeddable":true,"href":"https:\/\/www.buroperiodistico.com.mx\/index.php?rest_route=%2Fwp%2Fv2%2Ftags&post=193524"}],"curies":[{"name":"wp","href":"https:\/\/api.w.org\/{rel}","templated":true}]}}