{"id":193488,"date":"2025-12-22T14:21:26","date_gmt":"2025-12-22T20:21:26","guid":{"rendered":"https:\/\/www.buroperiodistico.com.mx\/?p=193488"},"modified":"2025-12-22T14:21:26","modified_gmt":"2025-12-22T20:21:26","slug":"impulsa-stps-tamaulipas-la-movilidad-laboral-internacional-con-acompanamiento-institucional","status":"publish","type":"post","link":"https:\/\/www.buroperiodistico.com.mx\/?p=193488","title":{"rendered":"Impulsa STPS Tamaulipas la movilidad laboral internacional con acompa\u00f1amiento institucional"},"content":{"rendered":"<p><em><strong><img loading=\"lazy\" decoding=\"async\" class=\" wp-image-193490 alignright\" src=\"https:\/\/www.buroperiodistico.com.mx\/wp-content\/uploads\/2025\/12\/STRinstitucional.jpeg\" alt=\"\" width=\"521\" height=\"299\" srcset=\"https:\/\/www.buroperiodistico.com.mx\/wp-content\/uploads\/2025\/12\/STRinstitucional.jpeg 1024w, https:\/\/www.buroperiodistico.com.mx\/wp-content\/uploads\/2025\/12\/STRinstitucional-300x172.jpeg 300w, https:\/\/www.buroperiodistico.com.mx\/wp-content\/uploads\/2025\/12\/STRinstitucional-768x441.jpeg 768w\" sizes=\"auto, (max-width: 521px) 100vw, 521px\" \/>Ciudad Victoria, Tamaulipas.-<\/strong><\/em> El secretario del Trabajo y Previsi\u00f3n Social de Tamaulipas, Luis Gerardo Illoldi Reyes, destac\u00f3 el fortalecimiento de las acciones de movilidad laboral internacional que impulsa la dependencia, orientadas a garantizar que las y los trabajadores que se trasladan al extranjero lo hagan con certeza, acompa\u00f1amiento institucional y respeto pleno a sus derechos laborales.<\/p>\n<p>Actualmente, alrededor de 600 trabajadores tamaulipecos se encuentran colocados de manera directa en el extranjero a trav\u00e9s de la Secretar\u00eda del Trabajo y Previsi\u00f3n Social y el Servicio Nacional del Empleo. Si bien existen m\u00e1s personas laborando fuera del pa\u00eds, esta cifra corresponde a quienes utilizan los servicios oficiales y reciben el respaldo institucional.<\/p>\n<p>Para el pr\u00f3ximo a\u00f1o, la meta es incrementar al menos en un 50 por ciento este n\u00famero, con el objetivo de alcanzar entre 800 y 900 trabajadores, con una proyecci\u00f3n cercana a mil colocaciones, lo que representar\u00eda un avance significativo en esta estrategia.<\/p>\n<p>El titular de la STPS subray\u00f3 que este crecimiento permitir\u00e1 ampliar las oportunidades laborales para las y los tamaulipecos, al tiempo que se refuerzan los mecanismos de protecci\u00f3n, informaci\u00f3n y vinculaci\u00f3n segura con empleadores internacionales, evitando intermediarios irregulares y riesgos para las familias.<\/p>\n<p>Asimismo, se\u00f1al\u00f3 que la secretar\u00eda contin\u00faa atendiendo de manera integral a quienes optan por emplearse dentro del pa\u00eds, mediante programas de vinculaci\u00f3n, capacitaci\u00f3n y fortalecimiento del empleo local, reconociendo que no todas las personas buscan trasladarse al extranjero para desarrollarse laboralmente.<\/p>\n<p>Indic\u00f3 que estas acciones forman parte del compromiso de la secretar\u00eda con una pol\u00edtica laboral cercana, incluyente y solidaria, alineada con la visi\u00f3n del gobierno humanista y de la transformaci\u00f3n que encabeza Am\u00e9rico Villarreal Anaya, enfocado en generar bienestar y mejores oportunidades para las y los trabajadores del estado.<\/p>\n<p><img loading=\"lazy\" decoding=\"async\" class=\"aligncenter size-full wp-image-193489\" src=\"https:\/\/www.buroperiodistico.com.mx\/wp-content\/uploads\/2025\/12\/STRinstitucional-I.jpeg\" alt=\"\" width=\"640\" height=\"480\" srcset=\"https:\/\/www.buroperiodistico.com.mx\/wp-content\/uploads\/2025\/12\/STRinstitucional-I.jpeg 640w, https:\/\/www.buroperiodistico.com.mx\/wp-content\/uploads\/2025\/12\/STRinstitucional-I-300x225.jpeg 300w\" sizes=\"auto, (max-width: 640px) 100vw, 640px\" \/><\/p>\n","protected":false},"excerpt":{"rendered":"<p>Ciudad Victoria, Tamaulipas.- El secretario del Trabajo y Previsi\u00f3n Social de Tamaulipas, Luis Gerardo Illoldi&#8230;<\/p>\n","protected":false},"author":1,"featured_media":193490,"comment_status":"closed","ping_status":"closed","sticky":false,"template":"","format":"standard","meta":{"footnotes":"","jetpack_publicize_message":"","jetpack_publicize_feature_enabled":true,"jetpack_social_post_already_shared":true,"jetpack_social_options":{"image_generator_settings":{"template":"highway","default_image_id":0,"font":"","enabled":false},"version":2}},"categories":[10],"tags":[],"class_list":["post-193488","post","type-post","status-publish","format-standard","has-post-thumbnail","hentry","category-tamaulipas"],"jetpack_publicize_connections":[],"_links":{"self":[{"href":"https:\/\/www.buroperiodistico.com.mx\/index.php?rest_route=\/wp\/v2\/posts\/193488","targetHints":{"allow":["GET"]}}],"collection":[{"href":"https:\/\/www.buroperiodistico.com.mx\/index.php?rest_route=\/wp\/v2\/posts"}],"about":[{"href":"https:\/\/www.buroperiodistico.com.mx\/index.php?rest_route=\/wp\/v2\/types\/post"}],"author":[{"embeddable":true,"href":"https:\/\/www.buroperiodistico.com.mx\/index.php?rest_route=\/wp\/v2\/users\/1"}],"replies":[{"embeddable":true,"href":"https:\/\/www.buroperiodistico.com.mx\/index.php?rest_route=%2Fwp%2Fv2%2Fcomments&post=193488"}],"version-history":[{"count":1,"href":"https:\/\/www.buroperiodistico.com.mx\/index.php?rest_route=\/wp\/v2\/posts\/193488\/revisions"}],"predecessor-version":[{"id":193491,"href":"https:\/\/www.buroperiodistico.com.mx\/index.php?rest_route=\/wp\/v2\/posts\/193488\/revisions\/193491"}],"wp:featuredmedia":[{"embeddable":true,"href":"https:\/\/www.buroperiodistico.com.mx\/index.php?rest_route=\/wp\/v2\/media\/193490"}],"wp:attachment":[{"href":"https:\/\/www.buroperiodistico.com.mx\/index.php?rest_route=%2Fwp%2Fv2%2Fmedia&parent=193488"}],"wp:term":[{"taxonomy":"category","embeddable":true,"href":"https:\/\/www.buroperiodistico.com.mx\/index.php?rest_route=%2Fwp%2Fv2%2Fcategories&post=193488"},{"taxonomy":"post_tag","embeddable":true,"href":"https:\/\/www.buroperiodistico.com.mx\/index.php?rest_route=%2Fwp%2Fv2%2Ftags&post=193488"}],"curies":[{"name":"wp","href":"https:\/\/api.w.org\/{rel}","templated":true}]}}