{"id":193476,"date":"2025-12-22T12:46:51","date_gmt":"2025-12-22T18:46:51","guid":{"rendered":"https:\/\/www.buroperiodistico.com.mx\/?p=193476"},"modified":"2025-12-22T12:46:51","modified_gmt":"2025-12-22T18:46:51","slug":"invita-el-gobierno-de-reynosa-a-formar-parte-del-polideportivo","status":"publish","type":"post","link":"https:\/\/www.buroperiodistico.com.mx\/?p=193476","title":{"rendered":"Invita el Gobierno de Reynosa a formar parte del Polideportivo"},"content":{"rendered":"<p><em><strong><img loading=\"lazy\" decoding=\"async\" class=\" wp-image-193478 alignright\" src=\"https:\/\/www.buroperiodistico.com.mx\/wp-content\/uploads\/2025\/12\/Polixde.jpeg\" alt=\"\" width=\"461\" height=\"278\" srcset=\"https:\/\/www.buroperiodistico.com.mx\/wp-content\/uploads\/2025\/12\/Polixde.jpeg 1024w, https:\/\/www.buroperiodistico.com.mx\/wp-content\/uploads\/2025\/12\/Polixde-300x181.jpeg 300w, https:\/\/www.buroperiodistico.com.mx\/wp-content\/uploads\/2025\/12\/Polixde-768x463.jpeg 768w\" sizes=\"auto, (max-width: 461px) 100vw, 461px\" \/>Reynosa, Tam (22-Diciembre-2025).-<\/strong><\/em> El Alcalde Carlos Pe\u00f1a Ortiz, extiende una cordial invitaci\u00f3n a todas las familias reynosenses para que se integren a las diversas actividades deportivas que se ofrecen en el Polideportivo de Reynosa.<\/p>\n<p>El Gobierno Municipal destaca la importancia de promover el deporte como una herramienta fundamental para fortalecer el tejido social, impulsar estilos de vida saludables.<\/p>\n<p>El Instituto Municipal del Deporte informa que a partir del 7 de enero dar\u00e1n inicio las clases en el Polideportivo, las cuales ser\u00e1n impartidas por entrenadores calificados y especializados, garantizando una formaci\u00f3n adecuada y segura.<\/p>\n<p>#ReynosaImparable<\/p>\n<p><img loading=\"lazy\" decoding=\"async\" class=\"aligncenter size-full wp-image-193477\" src=\"https:\/\/www.buroperiodistico.com.mx\/wp-content\/uploads\/2025\/12\/Polixde-I.jpeg\" alt=\"\" width=\"640\" height=\"432\" srcset=\"https:\/\/www.buroperiodistico.com.mx\/wp-content\/uploads\/2025\/12\/Polixde-I.jpeg 640w, https:\/\/www.buroperiodistico.com.mx\/wp-content\/uploads\/2025\/12\/Polixde-I-300x203.jpeg 300w\" sizes=\"auto, (max-width: 640px) 100vw, 640px\" \/><\/p>\n","protected":false},"excerpt":{"rendered":"<p>Reynosa, Tam (22-Diciembre-2025).- El Alcalde Carlos Pe\u00f1a Ortiz, extiende una cordial invitaci\u00f3n a todas las&#8230;<\/p>\n","protected":false},"author":1,"featured_media":193478,"comment_status":"closed","ping_status":"closed","sticky":false,"template":"","format":"standard","meta":{"footnotes":"","jetpack_publicize_message":"","jetpack_publicize_feature_enabled":true,"jetpack_social_post_already_shared":true,"jetpack_social_options":{"image_generator_settings":{"template":"highway","default_image_id":0,"font":"","enabled":false},"version":2}},"categories":[9],"tags":[],"class_list":["post-193476","post","type-post","status-publish","format-standard","has-post-thumbnail","hentry","category-reynosa"],"jetpack_publicize_connections":[],"_links":{"self":[{"href":"https:\/\/www.buroperiodistico.com.mx\/index.php?rest_route=\/wp\/v2\/posts\/193476","targetHints":{"allow":["GET"]}}],"collection":[{"href":"https:\/\/www.buroperiodistico.com.mx\/index.php?rest_route=\/wp\/v2\/posts"}],"about":[{"href":"https:\/\/www.buroperiodistico.com.mx\/index.php?rest_route=\/wp\/v2\/types\/post"}],"author":[{"embeddable":true,"href":"https:\/\/www.buroperiodistico.com.mx\/index.php?rest_route=\/wp\/v2\/users\/1"}],"replies":[{"embeddable":true,"href":"https:\/\/www.buroperiodistico.com.mx\/index.php?rest_route=%2Fwp%2Fv2%2Fcomments&post=193476"}],"version-history":[{"count":1,"href":"https:\/\/www.buroperiodistico.com.mx\/index.php?rest_route=\/wp\/v2\/posts\/193476\/revisions"}],"predecessor-version":[{"id":193479,"href":"https:\/\/www.buroperiodistico.com.mx\/index.php?rest_route=\/wp\/v2\/posts\/193476\/revisions\/193479"}],"wp:featuredmedia":[{"embeddable":true,"href":"https:\/\/www.buroperiodistico.com.mx\/index.php?rest_route=\/wp\/v2\/media\/193478"}],"wp:attachment":[{"href":"https:\/\/www.buroperiodistico.com.mx\/index.php?rest_route=%2Fwp%2Fv2%2Fmedia&parent=193476"}],"wp:term":[{"taxonomy":"category","embeddable":true,"href":"https:\/\/www.buroperiodistico.com.mx\/index.php?rest_route=%2Fwp%2Fv2%2Fcategories&post=193476"},{"taxonomy":"post_tag","embeddable":true,"href":"https:\/\/www.buroperiodistico.com.mx\/index.php?rest_route=%2Fwp%2Fv2%2Ftags&post=193476"}],"curies":[{"name":"wp","href":"https:\/\/api.w.org\/{rel}","templated":true}]}}