{"id":189883,"date":"2025-11-27T17:41:23","date_gmt":"2025-11-27T23:41:23","guid":{"rendered":"https:\/\/www.buroperiodistico.com.mx\/?p=189883"},"modified":"2025-11-27T17:41:23","modified_gmt":"2025-11-27T23:41:23","slug":"tamaulipas-y-texas-afinan-detalles-para-la-ampliacion-del-puente-internacional-nuevo-laredo-iii","status":"publish","type":"post","link":"https:\/\/www.buroperiodistico.com.mx\/?p=189883","title":{"rendered":"Tamaulipas y Texas afinan detalles para la ampliaci\u00f3n del Puente Internacional Nuevo Laredo III"},"content":{"rendered":"<p><em><strong><img loading=\"lazy\" decoding=\"async\" class=\" wp-image-189887 alignright\" src=\"https:\/\/www.buroperiodistico.com.mx\/wp-content\/uploads\/2025\/11\/SOPLaredo.jpeg\" alt=\"\" width=\"497\" height=\"313\" srcset=\"https:\/\/www.buroperiodistico.com.mx\/wp-content\/uploads\/2025\/11\/SOPLaredo.jpeg 1024w, https:\/\/www.buroperiodistico.com.mx\/wp-content\/uploads\/2025\/11\/SOPLaredo-300x189.jpeg 300w, https:\/\/www.buroperiodistico.com.mx\/wp-content\/uploads\/2025\/11\/SOPLaredo-768x484.jpeg 768w\" sizes=\"auto, (max-width: 497px) 100vw, 497px\" \/>Nuevo Laredo, Tamaulipas (27-Noviembre-2025).-<\/strong><\/em> En seguimiento a las gestiones encabezadas por el gobernador Am\u00e9rico Villarreal Anaya, el secretario de Obras P\u00fablicas, Pedro Cepeda Anaya, sostuvo una reuni\u00f3n de trabajo en el Ayuntamiento de Laredo, Texas, para revisar los avances del proyecto de ampliaci\u00f3n del Puente Internacional del Comercio Mundial &#8211; Nuevo Laredo III \u201cWorld Trade Bridge\u201d, una obra estrat\u00e9gica para fortalecer la capacidad log\u00edstica entre M\u00e9xico y Estados Unidos.<\/p>\n<p>Durante la sesi\u00f3n, se presentaron los avances m\u00e1s recientes en ambos pa\u00edses, destacando progresos ambientales y etapas previas a licitaci\u00f3n en Estados Unidos, as\u00ed como la conclusi\u00f3n de autorizaciones y la preparaci\u00f3n para iniciar los trabajos del lado mexicano. La coordinaci\u00f3n t\u00e9cnica y operativa fue subrayada como elemento esencial para asegurar un desarrollo simult\u00e1neo y compatible del proyecto.<\/p>\n<p>Cepeda Anaya, subray\u00f3 que el Gobierno de Tamaulipas cuenta con los recursos, permisos y planeaci\u00f3n ejecutiva necesarios para avanzar con certidumbre. Asimismo, reconoci\u00f3 que esta infraestructura ser\u00e1 determinante para impulsar la competitividad regional y fortalecer el comercio exterior.<\/p>\n<p>En la reuni\u00f3n participaron autoridades de la Oficina de Aduanas y Protecci\u00f3n Fronteriza (CBP) Laredo, servidores p\u00fablicos de la Ciudad de Laredo, miembros del Fideicomiso del Puente III de Nuevo Laredo, representantes del Departamento de Transporte de Texas (TxDOT), miembros del Consejo Mexicano de Comercio Exterior (COMCE) Noreste Cap\u00edtulo Laredo, as\u00ed como de la Direcci\u00f3n de Infraestructura de la Secretar\u00eda de Obras P\u00fablicas de Tamaulipas, las empresas responsables del dise\u00f1o de proyecto de ambos pa\u00edses y de manera remota por parte de la Direcci\u00f3n General de Desarrollo Carretero de la Secretar\u00eda de Infraestructura, Comunicaciones y Transportes (SICT) del Gobierno de M\u00e9xico.<\/p>\n<p><img loading=\"lazy\" decoding=\"async\" class=\"aligncenter size-full wp-image-189884\" src=\"https:\/\/www.buroperiodistico.com.mx\/wp-content\/uploads\/2025\/11\/SOPLaredo-I.jpeg\" alt=\"\" width=\"640\" height=\"480\" srcset=\"https:\/\/www.buroperiodistico.com.mx\/wp-content\/uploads\/2025\/11\/SOPLaredo-I.jpeg 640w, https:\/\/www.buroperiodistico.com.mx\/wp-content\/uploads\/2025\/11\/SOPLaredo-I-300x225.jpeg 300w\" sizes=\"auto, (max-width: 640px) 100vw, 640px\" \/> <img loading=\"lazy\" decoding=\"async\" class=\"aligncenter size-full wp-image-189886\" src=\"https:\/\/www.buroperiodistico.com.mx\/wp-content\/uploads\/2025\/11\/SOPLaredo-III.jpeg\" alt=\"\" width=\"640\" height=\"480\" srcset=\"https:\/\/www.buroperiodistico.com.mx\/wp-content\/uploads\/2025\/11\/SOPLaredo-III.jpeg 640w, https:\/\/www.buroperiodistico.com.mx\/wp-content\/uploads\/2025\/11\/SOPLaredo-III-300x225.jpeg 300w\" sizes=\"auto, (max-width: 640px) 100vw, 640px\" \/> <img loading=\"lazy\" decoding=\"async\" class=\"aligncenter size-full wp-image-189885\" src=\"https:\/\/www.buroperiodistico.com.mx\/wp-content\/uploads\/2025\/11\/SOPLaredo-II.jpeg\" alt=\"\" width=\"640\" height=\"480\" srcset=\"https:\/\/www.buroperiodistico.com.mx\/wp-content\/uploads\/2025\/11\/SOPLaredo-II.jpeg 640w, https:\/\/www.buroperiodistico.com.mx\/wp-content\/uploads\/2025\/11\/SOPLaredo-II-300x225.jpeg 300w\" sizes=\"auto, (max-width: 640px) 100vw, 640px\" \/><\/p>\n","protected":false},"excerpt":{"rendered":"<p>Nuevo Laredo, Tamaulipas (27-Noviembre-2025).- En seguimiento a las gestiones encabezadas por el gobernador Am\u00e9rico Villarreal&#8230;<\/p>\n","protected":false},"author":1,"featured_media":189887,"comment_status":"closed","ping_status":"closed","sticky":false,"template":"","format":"standard","meta":{"footnotes":"","jetpack_publicize_message":"","jetpack_publicize_feature_enabled":true,"jetpack_social_post_already_shared":true,"jetpack_social_options":{"image_generator_settings":{"template":"highway","default_image_id":0,"font":"","enabled":false},"version":2}},"categories":[10],"tags":[],"class_list":["post-189883","post","type-post","status-publish","format-standard","has-post-thumbnail","hentry","category-tamaulipas"],"jetpack_publicize_connections":[],"_links":{"self":[{"href":"https:\/\/www.buroperiodistico.com.mx\/index.php?rest_route=\/wp\/v2\/posts\/189883","targetHints":{"allow":["GET"]}}],"collection":[{"href":"https:\/\/www.buroperiodistico.com.mx\/index.php?rest_route=\/wp\/v2\/posts"}],"about":[{"href":"https:\/\/www.buroperiodistico.com.mx\/index.php?rest_route=\/wp\/v2\/types\/post"}],"author":[{"embeddable":true,"href":"https:\/\/www.buroperiodistico.com.mx\/index.php?rest_route=\/wp\/v2\/users\/1"}],"replies":[{"embeddable":true,"href":"https:\/\/www.buroperiodistico.com.mx\/index.php?rest_route=%2Fwp%2Fv2%2Fcomments&post=189883"}],"version-history":[{"count":0,"href":"https:\/\/www.buroperiodistico.com.mx\/index.php?rest_route=\/wp\/v2\/posts\/189883\/revisions"}],"wp:featuredmedia":[{"embeddable":true,"href":"https:\/\/www.buroperiodistico.com.mx\/index.php?rest_route=\/wp\/v2\/media\/189887"}],"wp:attachment":[{"href":"https:\/\/www.buroperiodistico.com.mx\/index.php?rest_route=%2Fwp%2Fv2%2Fmedia&parent=189883"}],"wp:term":[{"taxonomy":"category","embeddable":true,"href":"https:\/\/www.buroperiodistico.com.mx\/index.php?rest_route=%2Fwp%2Fv2%2Fcategories&post=189883"},{"taxonomy":"post_tag","embeddable":true,"href":"https:\/\/www.buroperiodistico.com.mx\/index.php?rest_route=%2Fwp%2Fv2%2Ftags&post=189883"}],"curies":[{"name":"wp","href":"https:\/\/api.w.org\/{rel}","templated":true}]}}