{"id":189878,"date":"2025-11-27T17:35:59","date_gmt":"2025-11-27T23:35:59","guid":{"rendered":"https:\/\/www.buroperiodistico.com.mx\/?p=189878"},"modified":"2025-11-27T17:35:59","modified_gmt":"2025-11-27T23:35:59","slug":"impulsan-gobierno-de-tamaulipas-e-industria-un-esquema-pionero-para-el-reuso-total-de-aguas-residuales","status":"publish","type":"post","link":"https:\/\/www.buroperiodistico.com.mx\/?p=189878","title":{"rendered":"Impulsan Gobierno de Tamaulipas e industria un esquema pionero para el re\u00faso total de aguas residuales"},"content":{"rendered":"<p><em><strong><img loading=\"lazy\" decoding=\"async\" class=\" wp-image-189881 alignright\" src=\"https:\/\/www.buroperiodistico.com.mx\/wp-content\/uploads\/2025\/11\/SRHresiduales.jpeg\" alt=\"\" width=\"567\" height=\"357\" srcset=\"https:\/\/www.buroperiodistico.com.mx\/wp-content\/uploads\/2025\/11\/SRHresiduales.jpeg 1024w, https:\/\/www.buroperiodistico.com.mx\/wp-content\/uploads\/2025\/11\/SRHresiduales-300x189.jpeg 300w, https:\/\/www.buroperiodistico.com.mx\/wp-content\/uploads\/2025\/11\/SRHresiduales-768x484.jpeg 768w\" sizes=\"auto, (max-width: 567px) 100vw, 567px\" \/>Ciudad Victoria, Tamaulipas (27-Noviembre-2025).-<\/strong><\/em> El Gobierno de Tamaulipas y la Asociaci\u00f3n de Industriales del Sur de Tamaulipas avanzan en la consolidaci\u00f3n de un ambicioso proyecto que permitir\u00e1 tratar y reutilizar el 100 por ciento de las aguas residuales generadas en la zona conurbada, derivado del acuerdo de voluntades firmado por el gobernador Am\u00e9rico Villarreal Anaya y el sector empresarial.<\/p>\n<p>El secretario de Recursos Hidr\u00e1ulicos, Ra\u00fal Quiroga, destac\u00f3 que este esquema, calificado como in\u00e9dito en M\u00e9xico, busca garantizar la disponibilidad de agua para detonar el crecimiento industrial en Tampico, Ciudad Madero y Altamira.<\/p>\n<p>\u201cEl sector industrial ha mostrado un alto compromiso ambiental al reconocer que el agua residual, una vez tratada por ellos mismos, se convertir\u00e1 en un recurso clave para fortalecer su desarrollo y expansi\u00f3n\u201d, se\u00f1al\u00f3 Quiroga.<\/p>\n<p>El funcionario subray\u00f3 que el proyecto tendr\u00e1 un impacto ambiental significativo, ya que reducir\u00e1 de manera contundente el vertido de aguas sin tratar al r\u00edo P\u00e1nuco y a las lagunas de la regi\u00f3n.<\/p>\n<p>La iniciativa contempla la construcci\u00f3n y modernizaci\u00f3n de c\u00e1rcamos de bombeo, una nueva l\u00ednea de agua potable en Ciudad Madero, y un emisor para canalizar las aguas residuales de Tampico y Madero hacia la Planta de Tratamiento Tierra Negra, la cual ser\u00e1 ampliada para incrementar su capacidad operativa.<\/p>\n<p>Quiroga adelant\u00f3 que, en aproximadamente mes y medio, se lanzar\u00e1 la convocatoria para elaborar el proyecto ejecutivo. De acuerdo con los tiempos previstos, las obras prioritarias podr\u00edan iniciar hacia mediados de 2026.<\/p>\n<p><img loading=\"lazy\" decoding=\"async\" class=\"aligncenter size-full wp-image-189879\" src=\"https:\/\/www.buroperiodistico.com.mx\/wp-content\/uploads\/2025\/11\/SRHresiduales-I.jpeg\" alt=\"\" width=\"640\" height=\"359\" srcset=\"https:\/\/www.buroperiodistico.com.mx\/wp-content\/uploads\/2025\/11\/SRHresiduales-I.jpeg 640w, https:\/\/www.buroperiodistico.com.mx\/wp-content\/uploads\/2025\/11\/SRHresiduales-I-300x168.jpeg 300w\" sizes=\"auto, (max-width: 640px) 100vw, 640px\" \/> <img loading=\"lazy\" decoding=\"async\" class=\"aligncenter size-full wp-image-189880\" src=\"https:\/\/www.buroperiodistico.com.mx\/wp-content\/uploads\/2025\/11\/SRHresiduales-II.jpeg\" alt=\"\" width=\"640\" height=\"361\" srcset=\"https:\/\/www.buroperiodistico.com.mx\/wp-content\/uploads\/2025\/11\/SRHresiduales-II.jpeg 640w, https:\/\/www.buroperiodistico.com.mx\/wp-content\/uploads\/2025\/11\/SRHresiduales-II-300x169.jpeg 300w\" sizes=\"auto, (max-width: 640px) 100vw, 640px\" \/><\/p>\n","protected":false},"excerpt":{"rendered":"<p>Ciudad Victoria, Tamaulipas (27-Noviembre-2025).- El Gobierno de Tamaulipas y la Asociaci\u00f3n de Industriales del Sur&#8230;<\/p>\n","protected":false},"author":1,"featured_media":189881,"comment_status":"closed","ping_status":"closed","sticky":false,"template":"","format":"standard","meta":{"footnotes":"","jetpack_publicize_message":"","jetpack_publicize_feature_enabled":true,"jetpack_social_post_already_shared":true,"jetpack_social_options":{"image_generator_settings":{"template":"highway","default_image_id":0,"font":"","enabled":false},"version":2}},"categories":[10],"tags":[],"class_list":["post-189878","post","type-post","status-publish","format-standard","has-post-thumbnail","hentry","category-tamaulipas"],"jetpack_publicize_connections":[],"_links":{"self":[{"href":"https:\/\/www.buroperiodistico.com.mx\/index.php?rest_route=\/wp\/v2\/posts\/189878","targetHints":{"allow":["GET"]}}],"collection":[{"href":"https:\/\/www.buroperiodistico.com.mx\/index.php?rest_route=\/wp\/v2\/posts"}],"about":[{"href":"https:\/\/www.buroperiodistico.com.mx\/index.php?rest_route=\/wp\/v2\/types\/post"}],"author":[{"embeddable":true,"href":"https:\/\/www.buroperiodistico.com.mx\/index.php?rest_route=\/wp\/v2\/users\/1"}],"replies":[{"embeddable":true,"href":"https:\/\/www.buroperiodistico.com.mx\/index.php?rest_route=%2Fwp%2Fv2%2Fcomments&post=189878"}],"version-history":[{"count":0,"href":"https:\/\/www.buroperiodistico.com.mx\/index.php?rest_route=\/wp\/v2\/posts\/189878\/revisions"}],"wp:featuredmedia":[{"embeddable":true,"href":"https:\/\/www.buroperiodistico.com.mx\/index.php?rest_route=\/wp\/v2\/media\/189881"}],"wp:attachment":[{"href":"https:\/\/www.buroperiodistico.com.mx\/index.php?rest_route=%2Fwp%2Fv2%2Fmedia&parent=189878"}],"wp:term":[{"taxonomy":"category","embeddable":true,"href":"https:\/\/www.buroperiodistico.com.mx\/index.php?rest_route=%2Fwp%2Fv2%2Fcategories&post=189878"},{"taxonomy":"post_tag","embeddable":true,"href":"https:\/\/www.buroperiodistico.com.mx\/index.php?rest_route=%2Fwp%2Fv2%2Ftags&post=189878"}],"curies":[{"name":"wp","href":"https:\/\/api.w.org\/{rel}","templated":true}]}}