{"id":189846,"date":"2025-11-27T16:42:36","date_gmt":"2025-11-27T22:42:36","guid":{"rendered":"https:\/\/www.buroperiodistico.com.mx\/?p=189846"},"modified":"2025-11-27T16:42:36","modified_gmt":"2025-11-27T22:42:36","slug":"firman-sedener-y-cipsa-convenio-para-fortalecer-desarrollo-de-actividades-en-sector-de-hidrocarburos-en-tamaulipas","status":"publish","type":"post","link":"https:\/\/www.buroperiodistico.com.mx\/?p=189846","title":{"rendered":"Firman SEDENER y CIPSA convenio para fortalecer desarrollo de actividades en sector de hidrocarburos en Tamaulipas"},"content":{"rendered":"<p><em><strong><img loading=\"lazy\" decoding=\"async\" class=\" wp-image-189848 alignright\" src=\"https:\/\/www.buroperiodistico.com.mx\/wp-content\/uploads\/2025\/11\/SDEhidrocarburos.jpeg\" alt=\"\" width=\"450\" height=\"267\" srcset=\"https:\/\/www.buroperiodistico.com.mx\/wp-content\/uploads\/2025\/11\/SDEhidrocarburos.jpeg 1024w, https:\/\/www.buroperiodistico.com.mx\/wp-content\/uploads\/2025\/11\/SDEhidrocarburos-300x178.jpeg 300w, https:\/\/www.buroperiodistico.com.mx\/wp-content\/uploads\/2025\/11\/SDEhidrocarburos-768x455.jpeg 768w\" sizes=\"auto, (max-width: 450px) 100vw, 450px\" \/>Tampico, Tamaulipas (27-Noviembre-2025).-<\/strong><\/em> En el marco de las celebraciones del Congreso Internacional de Energ\u00eda Tamaulipas 2025, el secretario Walter Juli\u00e1n \u00c1ngel Jim\u00e9nez formaliz\u00f3 la firma de un Convenio Marco de Colaboraci\u00f3n con el Consorcio Industrial del Puerto S.A. (CIPSA), con el prop\u00f3sito de impulsar el aprovechamiento de recursos humanos y materiales para fortalecer las actividades vinculadas al sector de hidrocarburos en Tamaulipas.<\/p>\n<p>CIPSA representada por Jos\u00e9 Benito Torres Ram\u00edrez, agradeci\u00f3 al Gobierno del Estado y la Secretar\u00eda de Desarrollo Energ\u00e9tico por establecer estos mecanismos y trabajar juntos en el desarrollo de proyectos, promover la capacitaci\u00f3n especializada y facilitar acciones que incrementen la competitividad del estado en materia energ\u00e9tica.<\/p>\n<p>\u00c1ngel Jim\u00e9nez destac\u00f3 que la colaboraci\u00f3n permitir\u00e1 consolidar esfuerzos entre el sector p\u00fablico y privado, alineando capacidades t\u00e9cnicas, operativas y de infraestructura para atender las necesidades actuales del mercado energ\u00e9tico.<\/p>\n<p>Asimismo, reiter\u00f3 su compromiso de continuar promoviendo alianzas que fortalezcan el potencial energ\u00e9tico del estado, consolidando a Tamaulipas como referente nacional en productividad, innovaci\u00f3n y desarrollo sostenible del sector.<\/p>\n<p><img loading=\"lazy\" decoding=\"async\" class=\"aligncenter size-full wp-image-189847\" src=\"https:\/\/www.buroperiodistico.com.mx\/wp-content\/uploads\/2025\/11\/SDEhidrocarburos-I.jpeg\" alt=\"\" width=\"640\" height=\"426\" srcset=\"https:\/\/www.buroperiodistico.com.mx\/wp-content\/uploads\/2025\/11\/SDEhidrocarburos-I.jpeg 640w, https:\/\/www.buroperiodistico.com.mx\/wp-content\/uploads\/2025\/11\/SDEhidrocarburos-I-300x200.jpeg 300w\" sizes=\"auto, (max-width: 640px) 100vw, 640px\" \/><\/p>\n","protected":false},"excerpt":{"rendered":"<p>Tampico, Tamaulipas (27-Noviembre-2025).- En el marco de las celebraciones del Congreso Internacional de Energ\u00eda Tamaulipas&#8230;<\/p>\n","protected":false},"author":1,"featured_media":189848,"comment_status":"closed","ping_status":"closed","sticky":false,"template":"","format":"standard","meta":{"footnotes":"","jetpack_publicize_message":"","jetpack_publicize_feature_enabled":true,"jetpack_social_post_already_shared":true,"jetpack_social_options":{"image_generator_settings":{"template":"highway","default_image_id":0,"font":"","enabled":false},"version":2}},"categories":[10],"tags":[],"class_list":["post-189846","post","type-post","status-publish","format-standard","has-post-thumbnail","hentry","category-tamaulipas"],"jetpack_publicize_connections":[],"_links":{"self":[{"href":"https:\/\/www.buroperiodistico.com.mx\/index.php?rest_route=\/wp\/v2\/posts\/189846","targetHints":{"allow":["GET"]}}],"collection":[{"href":"https:\/\/www.buroperiodistico.com.mx\/index.php?rest_route=\/wp\/v2\/posts"}],"about":[{"href":"https:\/\/www.buroperiodistico.com.mx\/index.php?rest_route=\/wp\/v2\/types\/post"}],"author":[{"embeddable":true,"href":"https:\/\/www.buroperiodistico.com.mx\/index.php?rest_route=\/wp\/v2\/users\/1"}],"replies":[{"embeddable":true,"href":"https:\/\/www.buroperiodistico.com.mx\/index.php?rest_route=%2Fwp%2Fv2%2Fcomments&post=189846"}],"version-history":[{"count":0,"href":"https:\/\/www.buroperiodistico.com.mx\/index.php?rest_route=\/wp\/v2\/posts\/189846\/revisions"}],"wp:featuredmedia":[{"embeddable":true,"href":"https:\/\/www.buroperiodistico.com.mx\/index.php?rest_route=\/wp\/v2\/media\/189848"}],"wp:attachment":[{"href":"https:\/\/www.buroperiodistico.com.mx\/index.php?rest_route=%2Fwp%2Fv2%2Fmedia&parent=189846"}],"wp:term":[{"taxonomy":"category","embeddable":true,"href":"https:\/\/www.buroperiodistico.com.mx\/index.php?rest_route=%2Fwp%2Fv2%2Fcategories&post=189846"},{"taxonomy":"post_tag","embeddable":true,"href":"https:\/\/www.buroperiodistico.com.mx\/index.php?rest_route=%2Fwp%2Fv2%2Ftags&post=189846"}],"curies":[{"name":"wp","href":"https:\/\/api.w.org\/{rel}","templated":true}]}}