{"id":189810,"date":"2025-11-27T15:44:41","date_gmt":"2025-11-27T21:44:41","guid":{"rendered":"https:\/\/www.buroperiodistico.com.mx\/?p=189810"},"modified":"2025-11-27T15:44:41","modified_gmt":"2025-11-27T21:44:41","slug":"continua-la-campana-gratuita-de-ivermectina-en-apoyo-al-sector-ganadero","status":"publish","type":"post","link":"https:\/\/www.buroperiodistico.com.mx\/?p=189810","title":{"rendered":"CONTIN\u00daA LA CAMPA\u00d1A GRATUITA DE IVERMECTINA EN APOYO AL SECTOR GANADERO"},"content":{"rendered":"<p dir=\"ltr\"><em><strong><img loading=\"lazy\" decoding=\"async\" class=\" wp-image-189812 alignright\" src=\"https:\/\/www.buroperiodistico.com.mx\/wp-content\/uploads\/2025\/11\/VACUNA-GANADEROS.jpg\" alt=\"\" width=\"564\" height=\"371\" srcset=\"https:\/\/www.buroperiodistico.com.mx\/wp-content\/uploads\/2025\/11\/VACUNA-GANADEROS.jpg 1024w, https:\/\/www.buroperiodistico.com.mx\/wp-content\/uploads\/2025\/11\/VACUNA-GANADEROS-300x197.jpg 300w, https:\/\/www.buroperiodistico.com.mx\/wp-content\/uploads\/2025\/11\/VACUNA-GANADEROS-768x506.jpg 768w, https:\/\/www.buroperiodistico.com.mx\/wp-content\/uploads\/2025\/11\/VACUNA-GANADEROS-720x475.jpg 720w\" sizes=\"auto, (max-width: 564px) 100vw, 564px\" \/>Nuevo Laredo, Tam (27-Noviembre-2025).-<\/strong><\/em> El Gobierno Municipal de Nuevo Laredo, a trav\u00e9s de la Direcci\u00f3n de Desarrollo Rural, reforz\u00f3 una vez m\u00e1s las acciones de sanidad pecuaria con la continuaci\u00f3n de la campa\u00f1a gratuita de ivermectina, dirigida a mejorar las condiciones de salud y productividad del hato ganadero en la regi\u00f3n.<\/p>\n<p dir=\"ltr\">En esta jornada, productores de los ejidos El Franc\u00e9s y Buenos Aires fueron beneficiados con la aplicaci\u00f3n del antiparasitario, una medida que contribuye al control de par\u00e1sitos internos y externos, factores que afectan de manera directa el rendimiento y bienestar del ganado.<\/p>\n<p dir=\"ltr\">La dependencia municipal destac\u00f3 que estas acciones buscan fortalecer la econom\u00eda rural mediante la prevenci\u00f3n de enfermedades y el impulso a pr\u00e1cticas de manejo m\u00e1s eficientes, lo que se traduce en animales m\u00e1s sanos y una producci\u00f3n m\u00e1s competitiva.<\/p>\n<p dir=\"ltr\">Para mayor informaci\u00f3n sobre esta campa\u00f1a y otros programas de apoyo al sector ganadero, la Direcci\u00f3n de Desarrollo Rural mantiene atenci\u00f3n directa en sus oficinas ubicadas en Matamoros 309 altos, Sector Centro, en un horario de 8:00 de la ma\u00f1ana a 3:30 de la tarde.<\/p>\n<p dir=\"ltr\"><img loading=\"lazy\" decoding=\"async\" class=\"aligncenter size-full wp-image-189811\" src=\"https:\/\/www.buroperiodistico.com.mx\/wp-content\/uploads\/2025\/11\/VACUNA-GANADEROS-I.jpg\" alt=\"\" width=\"576\" height=\"480\" srcset=\"https:\/\/www.buroperiodistico.com.mx\/wp-content\/uploads\/2025\/11\/VACUNA-GANADEROS-I.jpg 576w, https:\/\/www.buroperiodistico.com.mx\/wp-content\/uploads\/2025\/11\/VACUNA-GANADEROS-I-300x250.jpg 300w\" sizes=\"auto, (max-width: 576px) 100vw, 576px\" \/><\/p>\n","protected":false},"excerpt":{"rendered":"<p>Nuevo Laredo, Tam (27-Noviembre-2025).- El Gobierno Municipal de Nuevo Laredo, a trav\u00e9s de la Direcci\u00f3n&#8230;<\/p>\n","protected":false},"author":1,"featured_media":189812,"comment_status":"closed","ping_status":"closed","sticky":false,"template":"","format":"standard","meta":{"footnotes":"","jetpack_publicize_message":"","jetpack_publicize_feature_enabled":true,"jetpack_social_post_already_shared":true,"jetpack_social_options":{"image_generator_settings":{"template":"highway","default_image_id":0,"font":"","enabled":false},"version":2}},"categories":[16],"tags":[],"class_list":["post-189810","post","type-post","status-publish","format-standard","has-post-thumbnail","hentry","category-nuevolaredo"],"jetpack_publicize_connections":[],"_links":{"self":[{"href":"https:\/\/www.buroperiodistico.com.mx\/index.php?rest_route=\/wp\/v2\/posts\/189810","targetHints":{"allow":["GET"]}}],"collection":[{"href":"https:\/\/www.buroperiodistico.com.mx\/index.php?rest_route=\/wp\/v2\/posts"}],"about":[{"href":"https:\/\/www.buroperiodistico.com.mx\/index.php?rest_route=\/wp\/v2\/types\/post"}],"author":[{"embeddable":true,"href":"https:\/\/www.buroperiodistico.com.mx\/index.php?rest_route=\/wp\/v2\/users\/1"}],"replies":[{"embeddable":true,"href":"https:\/\/www.buroperiodistico.com.mx\/index.php?rest_route=%2Fwp%2Fv2%2Fcomments&post=189810"}],"version-history":[{"count":0,"href":"https:\/\/www.buroperiodistico.com.mx\/index.php?rest_route=\/wp\/v2\/posts\/189810\/revisions"}],"wp:featuredmedia":[{"embeddable":true,"href":"https:\/\/www.buroperiodistico.com.mx\/index.php?rest_route=\/wp\/v2\/media\/189812"}],"wp:attachment":[{"href":"https:\/\/www.buroperiodistico.com.mx\/index.php?rest_route=%2Fwp%2Fv2%2Fmedia&parent=189810"}],"wp:term":[{"taxonomy":"category","embeddable":true,"href":"https:\/\/www.buroperiodistico.com.mx\/index.php?rest_route=%2Fwp%2Fv2%2Fcategories&post=189810"},{"taxonomy":"post_tag","embeddable":true,"href":"https:\/\/www.buroperiodistico.com.mx\/index.php?rest_route=%2Fwp%2Fv2%2Ftags&post=189810"}],"curies":[{"name":"wp","href":"https:\/\/api.w.org\/{rel}","templated":true}]}}