{"id":189451,"date":"2025-11-25T20:37:18","date_gmt":"2025-11-26T02:37:18","guid":{"rendered":"https:\/\/www.buroperiodistico.com.mx\/?p=189451"},"modified":"2025-11-25T20:37:18","modified_gmt":"2025-11-26T02:37:18","slug":"vivir-libres-de-violencias-es-nuestro-derecho-senadora-olga-sosa","status":"publish","type":"post","link":"https:\/\/www.buroperiodistico.com.mx\/?p=189451","title":{"rendered":"Vivir libres de violencias es nuestro derecho: senadora Olga Sosa"},"content":{"rendered":"<ul>\n<li><strong><em>Senado de la Rep\u00fablica celebra sesi\u00f3n solemne en el D\u00eda Internacional de la Eliminaci\u00f3n de la Violencia contras las Mujeres<\/em><\/strong><\/li>\n<\/ul>\n<p><strong><img loading=\"lazy\" decoding=\"async\" class=\" wp-image-189454 alignright\" src=\"https:\/\/www.buroperiodistico.com.mx\/wp-content\/uploads\/2025\/11\/Olgax-8.jpeg\" alt=\"\" width=\"560\" height=\"334\" srcset=\"https:\/\/www.buroperiodistico.com.mx\/wp-content\/uploads\/2025\/11\/Olgax-8.jpeg 1024w, https:\/\/www.buroperiodistico.com.mx\/wp-content\/uploads\/2025\/11\/Olgax-8-300x179.jpeg 300w, https:\/\/www.buroperiodistico.com.mx\/wp-content\/uploads\/2025\/11\/Olgax-8-768x458.jpeg 768w\" sizes=\"auto, (max-width: 560px) 100vw, 560px\" \/>CDMX (25-Noviembre-2025).-<\/strong> Todos los d\u00edas las mujeres tenemos derecho a vivir libres de violencias, se\u00f1al\u00f3 la senadora tamaulipeca Olga Sosa Ru\u00edz al conmemorar el D\u00eda Internacional de la Eliminaci\u00f3n de la Violencia contra las Mujeres, en la sesi\u00f3n solemne del Senado de la Rep\u00fablica que cont\u00f3 con la presencia de la Secretaria de la Mujer, Citlalli Hern\u00e1ndez Mora en representaci\u00f3n de la presidenta Claudia Sheinbaum Pardo.<\/p>\n<p>La senadora tamaulipeca coment\u00f3 que con datos de la Encuesta Nacional sobre la Din\u00e1mica de las Relaciones en los Hogares, poco m\u00e1s del 70% de las mujeres de m\u00e1s de 15 a\u00f1os han sufrido alg\u00fan tipo de violencia, adem\u00e1s la ENVIPE se\u00f1ala que por cada 10 delitos sexuales registrados, 9 corresponden a mujeres, por lo cual la visibilizaci\u00f3n representa un acto fundamental para combatir y erradicar comportamientos normalizados, como el acoso, el s\u00ed bajo presi\u00f3n o la violencia normalizada.<\/p>\n<p>\u201cNo es solo un d\u00eda al mes, un d\u00eda al a\u00f1o, sino todos los d\u00edas, decimos no a las violencias en contra las mujeres\u201d dijo.<\/p>\n<p>Durante la sesi\u00f3n solemne en el pleno del senado de la Rep\u00fablica, la senadora Mal\u00fa Micher resalt\u00f3 que durante la cuarta transformaci\u00f3n se ha legislado en diversas materias, pero a\u00fan falta mucho por hacer, por eso llam\u00f3 a redoblar esfuerzos y legislar para fortalecer a las instituciones.<\/p>\n<p>\u201cHemos legislado contra la violencia pol\u00edtica en raz\u00f3n de g\u00e9nero, reforzamos el tipo penal de feminicidio y las medidas de protecci\u00f3n, ampliamos programas que fortalecen la autonom\u00eda econ\u00f3mica de las mujeres hist\u00f3ricamente que han sido incluidas\u201d record\u00f3, y se\u00f1al\u00f3 que los tres poderes, Poder Judicial, Poder Legislativo y el Poder Ejecutivo, cierran filas para seguir avanzando.<\/p>\n<p>Por su parte, la presidenta de la mesa directiva del Senado, Laura Itzel Castillo se\u00f1al\u00f3 que el 25 de noviembre es un recordatorio de que la violencia contra las mujeres no es normal y es un problema colectivo, p\u00fablico, atendible por todas y todos.<\/p>\n<p>\u201cNosotras no pedimos privilegios, exigimos una vida libre de violencia, exigimos libertad.<\/p>\n<p>Exigimos que ninguna ni\u00f1a tenga que aprender a sobrevivir antes de aprender a jugar\u201d, se\u00f1al\u00f3.<\/p>\n<p><img loading=\"lazy\" decoding=\"async\" class=\"aligncenter size-full wp-image-189452\" src=\"https:\/\/www.buroperiodistico.com.mx\/wp-content\/uploads\/2025\/11\/Olgax-I-7.jpeg\" alt=\"\" width=\"640\" height=\"428\" srcset=\"https:\/\/www.buroperiodistico.com.mx\/wp-content\/uploads\/2025\/11\/Olgax-I-7.jpeg 640w, https:\/\/www.buroperiodistico.com.mx\/wp-content\/uploads\/2025\/11\/Olgax-I-7-300x201.jpeg 300w\" sizes=\"auto, (max-width: 640px) 100vw, 640px\" \/> <img loading=\"lazy\" decoding=\"async\" class=\"aligncenter size-full wp-image-189453\" src=\"https:\/\/www.buroperiodistico.com.mx\/wp-content\/uploads\/2025\/11\/Olgax-II-3.jpeg\" alt=\"\" width=\"640\" height=\"428\" srcset=\"https:\/\/www.buroperiodistico.com.mx\/wp-content\/uploads\/2025\/11\/Olgax-II-3.jpeg 640w, https:\/\/www.buroperiodistico.com.mx\/wp-content\/uploads\/2025\/11\/Olgax-II-3-300x201.jpeg 300w\" sizes=\"auto, (max-width: 640px) 100vw, 640px\" \/><\/p>\n","protected":false},"excerpt":{"rendered":"<p>Senado de la Rep\u00fablica celebra sesi\u00f3n solemne en el D\u00eda Internacional de la Eliminaci\u00f3n de&#8230;<\/p>\n","protected":false},"author":1,"featured_media":189454,"comment_status":"closed","ping_status":"closed","sticky":false,"template":"","format":"standard","meta":{"footnotes":"","jetpack_publicize_message":"","jetpack_publicize_feature_enabled":true,"jetpack_social_post_already_shared":true,"jetpack_social_options":{"image_generator_settings":{"template":"highway","default_image_id":0,"font":"","enabled":false},"version":2}},"categories":[11],"tags":[],"class_list":["post-189451","post","type-post","status-publish","format-standard","has-post-thumbnail","hentry","category-nacional"],"jetpack_publicize_connections":[],"_links":{"self":[{"href":"https:\/\/www.buroperiodistico.com.mx\/index.php?rest_route=\/wp\/v2\/posts\/189451","targetHints":{"allow":["GET"]}}],"collection":[{"href":"https:\/\/www.buroperiodistico.com.mx\/index.php?rest_route=\/wp\/v2\/posts"}],"about":[{"href":"https:\/\/www.buroperiodistico.com.mx\/index.php?rest_route=\/wp\/v2\/types\/post"}],"author":[{"embeddable":true,"href":"https:\/\/www.buroperiodistico.com.mx\/index.php?rest_route=\/wp\/v2\/users\/1"}],"replies":[{"embeddable":true,"href":"https:\/\/www.buroperiodistico.com.mx\/index.php?rest_route=%2Fwp%2Fv2%2Fcomments&post=189451"}],"version-history":[{"count":0,"href":"https:\/\/www.buroperiodistico.com.mx\/index.php?rest_route=\/wp\/v2\/posts\/189451\/revisions"}],"wp:featuredmedia":[{"embeddable":true,"href":"https:\/\/www.buroperiodistico.com.mx\/index.php?rest_route=\/wp\/v2\/media\/189454"}],"wp:attachment":[{"href":"https:\/\/www.buroperiodistico.com.mx\/index.php?rest_route=%2Fwp%2Fv2%2Fmedia&parent=189451"}],"wp:term":[{"taxonomy":"category","embeddable":true,"href":"https:\/\/www.buroperiodistico.com.mx\/index.php?rest_route=%2Fwp%2Fv2%2Fcategories&post=189451"},{"taxonomy":"post_tag","embeddable":true,"href":"https:\/\/www.buroperiodistico.com.mx\/index.php?rest_route=%2Fwp%2Fv2%2Ftags&post=189451"}],"curies":[{"name":"wp","href":"https:\/\/api.w.org\/{rel}","templated":true}]}}