{"id":189442,"date":"2025-11-25T20:13:30","date_gmt":"2025-11-26T02:13:30","guid":{"rendered":"https:\/\/www.buroperiodistico.com.mx\/?p=189442"},"modified":"2025-11-25T20:13:30","modified_gmt":"2025-11-26T02:13:30","slug":"firma-sedener-convenio-con-mujeres-del-sector-energetico","status":"publish","type":"post","link":"https:\/\/www.buroperiodistico.com.mx\/?p=189442","title":{"rendered":"Firma SEDENER convenio con mujeres del sector energ\u00e9tico"},"content":{"rendered":"<p><em><strong><img loading=\"lazy\" decoding=\"async\" class=\" wp-image-189444 alignright\" src=\"https:\/\/www.buroperiodistico.com.mx\/wp-content\/uploads\/2025\/11\/SDEenergetico.jpeg\" alt=\"\" width=\"513\" height=\"288\" srcset=\"https:\/\/www.buroperiodistico.com.mx\/wp-content\/uploads\/2025\/11\/SDEenergetico.jpeg 1024w, https:\/\/www.buroperiodistico.com.mx\/wp-content\/uploads\/2025\/11\/SDEenergetico-300x168.jpeg 300w, https:\/\/www.buroperiodistico.com.mx\/wp-content\/uploads\/2025\/11\/SDEenergetico-768x431.jpeg 768w\" sizes=\"auto, (max-width: 513px) 100vw, 513px\" \/>Tampico, Tamaulipas (25-Noviembre-2025).-<\/strong><\/em> Dentro del Congreso Internacional de Energ\u00eda Tamaulipas 2025, la Secretar\u00eda de Desarrollo Energ\u00e9tico (SEDENER) estableci\u00f3 la firma de un convenio con la Asociaci\u00f3n Mexicana de Mujeres Jefas de Empresa (AMMJE) A.C. para impulsar la participaci\u00f3n de las mujeres en el sector energ\u00e9tico.<\/p>\n<p>En este acto estuvieron presentes, el secretario Walter Juli\u00e1n \u00c1ngel Jim\u00e9nez y la representante del Sur de Tamaulipas de la Asociaci\u00f3n, Lorena Kareli Rivera Ortiz, quienes firmaron este documento con el fin de romper barreras y trabajar juntos para lograr la equidad en el sistema energ\u00e9tico.<\/p>\n<p>\u201cUna organizaci\u00f3n que se ha destacado en el sistema energ\u00e9tico, econ\u00f3mico e industrial. Estamos entusiasmados de dar este paso y de saber ad\u00f3nde vamos a llegar con esta colaboraci\u00f3n, necesaria para hacer que el sistema energ\u00e9tico sea para todas y todos\u201d, se\u00f1al\u00f3 \u00c1ngel Jim\u00e9nez.<\/p>\n<p>Lorena Kareli Rivera Ortiz destac\u00f3 que este es el primer convenio que firman con el gobierno del doctor Am\u00e9rico Villarreal Anaya, y que representa un compromiso para todas las mujeres que est\u00e1n en el pa\u00eds y forman parte del sector.<\/p>\n<p><img loading=\"lazy\" decoding=\"async\" class=\"aligncenter size-full wp-image-189443\" src=\"https:\/\/www.buroperiodistico.com.mx\/wp-content\/uploads\/2025\/11\/SDEenergetico-I.jpeg\" alt=\"\" width=\"640\" height=\"359\" srcset=\"https:\/\/www.buroperiodistico.com.mx\/wp-content\/uploads\/2025\/11\/SDEenergetico-I.jpeg 640w, https:\/\/www.buroperiodistico.com.mx\/wp-content\/uploads\/2025\/11\/SDEenergetico-I-300x168.jpeg 300w\" sizes=\"auto, (max-width: 640px) 100vw, 640px\" \/><\/p>\n","protected":false},"excerpt":{"rendered":"<p>Tampico, Tamaulipas (25-Noviembre-2025).- Dentro del Congreso Internacional de Energ\u00eda Tamaulipas 2025, la Secretar\u00eda de Desarrollo&#8230;<\/p>\n","protected":false},"author":1,"featured_media":189444,"comment_status":"closed","ping_status":"closed","sticky":false,"template":"","format":"standard","meta":{"footnotes":"","jetpack_publicize_message":"","jetpack_publicize_feature_enabled":true,"jetpack_social_post_already_shared":true,"jetpack_social_options":{"image_generator_settings":{"template":"highway","default_image_id":0,"font":"","enabled":false},"version":2}},"categories":[10],"tags":[],"class_list":["post-189442","post","type-post","status-publish","format-standard","has-post-thumbnail","hentry","category-tamaulipas"],"jetpack_publicize_connections":[],"_links":{"self":[{"href":"https:\/\/www.buroperiodistico.com.mx\/index.php?rest_route=\/wp\/v2\/posts\/189442","targetHints":{"allow":["GET"]}}],"collection":[{"href":"https:\/\/www.buroperiodistico.com.mx\/index.php?rest_route=\/wp\/v2\/posts"}],"about":[{"href":"https:\/\/www.buroperiodistico.com.mx\/index.php?rest_route=\/wp\/v2\/types\/post"}],"author":[{"embeddable":true,"href":"https:\/\/www.buroperiodistico.com.mx\/index.php?rest_route=\/wp\/v2\/users\/1"}],"replies":[{"embeddable":true,"href":"https:\/\/www.buroperiodistico.com.mx\/index.php?rest_route=%2Fwp%2Fv2%2Fcomments&post=189442"}],"version-history":[{"count":0,"href":"https:\/\/www.buroperiodistico.com.mx\/index.php?rest_route=\/wp\/v2\/posts\/189442\/revisions"}],"wp:featuredmedia":[{"embeddable":true,"href":"https:\/\/www.buroperiodistico.com.mx\/index.php?rest_route=\/wp\/v2\/media\/189444"}],"wp:attachment":[{"href":"https:\/\/www.buroperiodistico.com.mx\/index.php?rest_route=%2Fwp%2Fv2%2Fmedia&parent=189442"}],"wp:term":[{"taxonomy":"category","embeddable":true,"href":"https:\/\/www.buroperiodistico.com.mx\/index.php?rest_route=%2Fwp%2Fv2%2Fcategories&post=189442"},{"taxonomy":"post_tag","embeddable":true,"href":"https:\/\/www.buroperiodistico.com.mx\/index.php?rest_route=%2Fwp%2Fv2%2Ftags&post=189442"}],"curies":[{"name":"wp","href":"https:\/\/api.w.org\/{rel}","templated":true}]}}