{"id":189429,"date":"2025-11-25T19:59:35","date_gmt":"2025-11-26T01:59:35","guid":{"rendered":"https:\/\/www.buroperiodistico.com.mx\/?p=189429"},"modified":"2025-11-25T19:59:35","modified_gmt":"2025-11-26T01:59:35","slug":"conmemoro-carlos-pena-ortiz-dia-mundial-de-la-eliminacion-de-la-violencia-contra-las-mujeres","status":"publish","type":"post","link":"https:\/\/www.buroperiodistico.com.mx\/?p=189429","title":{"rendered":"Conmemor\u00f3 Carlos Pe\u00f1a Ortiz D\u00eda Mundial de la Eliminaci\u00f3n de la Violencia contra las Mujeres"},"content":{"rendered":"<ul>\n<li><strong><em>El Alcalde de Reynosa acompa\u00f1\u00f3 a cientos de mujeres este 25 de noviembre.<\/em><\/strong><\/li>\n<\/ul>\n<p><strong><img loading=\"lazy\" decoding=\"async\" class=\" wp-image-189436 alignright\" src=\"https:\/\/www.buroperiodistico.com.mx\/wp-content\/uploads\/2025\/11\/Violex.jpeg\" alt=\"\" width=\"495\" height=\"310\" srcset=\"https:\/\/www.buroperiodistico.com.mx\/wp-content\/uploads\/2025\/11\/Violex.jpeg 1024w, https:\/\/www.buroperiodistico.com.mx\/wp-content\/uploads\/2025\/11\/Violex-300x188.jpeg 300w, https:\/\/www.buroperiodistico.com.mx\/wp-content\/uploads\/2025\/11\/Violex-768x481.jpeg 768w\" sizes=\"auto, (max-width: 495px) 100vw, 495px\" \/>Reynosa, Tam (25-Noviembre-2025).-<\/strong> El Alcalde Carlos Pe\u00f1a Ortiz encabez\u00f3 una emotiva caminata por el D\u00eda Internacional de la Eliminaci\u00f3n de la Violencia contra la Mujer en Reynosa, acompa\u00f1ado por su esposa Alejandra Yelitza Garza, Presidenta del Voluntariado DIF-Reynosa; por la Directora del Instituto Municipal de la Mujer, Hidilberta Vel\u00e1zquez Mendoza y por cientos de mujeres.<\/p>\n<p>\u00abReynosa es una ciudad de mujeres valientes, trabajadoras, mujeres que luchan y no se renden\u00bb, afirm\u00f3 el Alcalde. \u00abTenemos que seguir trabajando juntos para construir un futuro libre de violencia y discriminaci\u00f3n para todas las mujeres y ni\u00f1as de nuestra ciudad\u00bb.<br \/>\n&#8216;Felicidades a todos, que Dios me los siga bendiciendo, y que me bendiga a todas esas hermosas flores que nos acompa\u00f1an el d\u00eda de hoy. Eternamente, muchas gracias\u00bb, dijo acompa\u00f1ado tambi\u00e9n por el Diputado Local Juan Carlos Zertuche Romero.<\/p>\n<p>La Directora, en presencia funcionarias y funcionarios del Gobierno Municipal, Regidoras y Regidores, as\u00ed como de mujeres valientes y comprometidas de la comunidad, emiti\u00f3 un mensaje este 25 de noviembre en la plaza principal Miguel Hidalgo: \u00abesta fecha no solo nos invita a reflexionar, nos convoca a actuar, a transformar realidades, y a fortalecer nuestra comunidad; este color naranja que llevamos significa esperanza, es el color de la vida, de la fuerza, de la luz que ninguna violencia puede apagar\u00bb.<\/p>\n<p>El 25 de noviembre se conmemora el D\u00eda Internacional de la Eliminaci\u00f3n de la Violencia contra la Mujer, en recuerdo de las hermanas Mirabal, tres activistas dominicanas asesinadas en 1960 por su oposici\u00f3n al r\u00e9gimen de Rafael Trujillo y que por consenso la ONU instituy\u00f3 dicha fecha conmemorativa en los pa\u00edses afiliados.<\/p>\n<p>#ReynosaImparable<br \/>\n#GobiernoMunicipalDeReynosa<\/p>\n<p><img loading=\"lazy\" decoding=\"async\" class=\"aligncenter size-full wp-image-189430\" src=\"https:\/\/www.buroperiodistico.com.mx\/wp-content\/uploads\/2025\/11\/Violex-I.jpeg\" alt=\"\" width=\"640\" height=\"427\" srcset=\"https:\/\/www.buroperiodistico.com.mx\/wp-content\/uploads\/2025\/11\/Violex-I.jpeg 640w, https:\/\/www.buroperiodistico.com.mx\/wp-content\/uploads\/2025\/11\/Violex-I-300x200.jpeg 300w\" sizes=\"auto, (max-width: 640px) 100vw, 640px\" \/> <img loading=\"lazy\" decoding=\"async\" class=\"aligncenter size-full wp-image-189435\" src=\"https:\/\/www.buroperiodistico.com.mx\/wp-content\/uploads\/2025\/11\/Violex-IIIIII.jpeg\" alt=\"\" width=\"640\" height=\"427\" srcset=\"https:\/\/www.buroperiodistico.com.mx\/wp-content\/uploads\/2025\/11\/Violex-IIIIII.jpeg 640w, https:\/\/www.buroperiodistico.com.mx\/wp-content\/uploads\/2025\/11\/Violex-IIIIII-300x200.jpeg 300w\" sizes=\"auto, (max-width: 640px) 100vw, 640px\" \/> <img loading=\"lazy\" decoding=\"async\" class=\"aligncenter size-full wp-image-189434\" src=\"https:\/\/www.buroperiodistico.com.mx\/wp-content\/uploads\/2025\/11\/Violex-IIIII.jpeg\" alt=\"\" width=\"640\" height=\"427\" srcset=\"https:\/\/www.buroperiodistico.com.mx\/wp-content\/uploads\/2025\/11\/Violex-IIIII.jpeg 640w, https:\/\/www.buroperiodistico.com.mx\/wp-content\/uploads\/2025\/11\/Violex-IIIII-300x200.jpeg 300w\" sizes=\"auto, (max-width: 640px) 100vw, 640px\" \/> <img loading=\"lazy\" decoding=\"async\" class=\"aligncenter size-full wp-image-189433\" src=\"https:\/\/www.buroperiodistico.com.mx\/wp-content\/uploads\/2025\/11\/Violex-IIII.jpeg\" alt=\"\" width=\"640\" height=\"427\" srcset=\"https:\/\/www.buroperiodistico.com.mx\/wp-content\/uploads\/2025\/11\/Violex-IIII.jpeg 640w, https:\/\/www.buroperiodistico.com.mx\/wp-content\/uploads\/2025\/11\/Violex-IIII-300x200.jpeg 300w\" sizes=\"auto, (max-width: 640px) 100vw, 640px\" \/> <img loading=\"lazy\" decoding=\"async\" class=\"aligncenter size-full wp-image-189432\" src=\"https:\/\/www.buroperiodistico.com.mx\/wp-content\/uploads\/2025\/11\/Violex-III.jpeg\" alt=\"\" width=\"640\" height=\"427\" srcset=\"https:\/\/www.buroperiodistico.com.mx\/wp-content\/uploads\/2025\/11\/Violex-III.jpeg 640w, https:\/\/www.buroperiodistico.com.mx\/wp-content\/uploads\/2025\/11\/Violex-III-300x200.jpeg 300w\" sizes=\"auto, (max-width: 640px) 100vw, 640px\" \/> <img loading=\"lazy\" decoding=\"async\" class=\"aligncenter size-full wp-image-189431\" src=\"https:\/\/www.buroperiodistico.com.mx\/wp-content\/uploads\/2025\/11\/Violex-II.jpeg\" alt=\"\" width=\"640\" height=\"427\" srcset=\"https:\/\/www.buroperiodistico.com.mx\/wp-content\/uploads\/2025\/11\/Violex-II.jpeg 640w, https:\/\/www.buroperiodistico.com.mx\/wp-content\/uploads\/2025\/11\/Violex-II-300x200.jpeg 300w\" sizes=\"auto, (max-width: 640px) 100vw, 640px\" \/><\/p>\n","protected":false},"excerpt":{"rendered":"<p>El Alcalde de Reynosa acompa\u00f1\u00f3 a cientos de mujeres este 25 de noviembre. Reynosa, Tam&#8230;<\/p>\n","protected":false},"author":1,"featured_media":189436,"comment_status":"closed","ping_status":"closed","sticky":false,"template":"","format":"standard","meta":{"footnotes":"","jetpack_publicize_message":"","jetpack_publicize_feature_enabled":true,"jetpack_social_post_already_shared":true,"jetpack_social_options":{"image_generator_settings":{"template":"highway","default_image_id":0,"font":"","enabled":false},"version":2}},"categories":[25,9],"tags":[],"class_list":["post-189429","post","type-post","status-publish","format-standard","has-post-thumbnail","hentry","category-portada","category-reynosa"],"jetpack_publicize_connections":[],"_links":{"self":[{"href":"https:\/\/www.buroperiodistico.com.mx\/index.php?rest_route=\/wp\/v2\/posts\/189429","targetHints":{"allow":["GET"]}}],"collection":[{"href":"https:\/\/www.buroperiodistico.com.mx\/index.php?rest_route=\/wp\/v2\/posts"}],"about":[{"href":"https:\/\/www.buroperiodistico.com.mx\/index.php?rest_route=\/wp\/v2\/types\/post"}],"author":[{"embeddable":true,"href":"https:\/\/www.buroperiodistico.com.mx\/index.php?rest_route=\/wp\/v2\/users\/1"}],"replies":[{"embeddable":true,"href":"https:\/\/www.buroperiodistico.com.mx\/index.php?rest_route=%2Fwp%2Fv2%2Fcomments&post=189429"}],"version-history":[{"count":0,"href":"https:\/\/www.buroperiodistico.com.mx\/index.php?rest_route=\/wp\/v2\/posts\/189429\/revisions"}],"wp:featuredmedia":[{"embeddable":true,"href":"https:\/\/www.buroperiodistico.com.mx\/index.php?rest_route=\/wp\/v2\/media\/189436"}],"wp:attachment":[{"href":"https:\/\/www.buroperiodistico.com.mx\/index.php?rest_route=%2Fwp%2Fv2%2Fmedia&parent=189429"}],"wp:term":[{"taxonomy":"category","embeddable":true,"href":"https:\/\/www.buroperiodistico.com.mx\/index.php?rest_route=%2Fwp%2Fv2%2Fcategories&post=189429"},{"taxonomy":"post_tag","embeddable":true,"href":"https:\/\/www.buroperiodistico.com.mx\/index.php?rest_route=%2Fwp%2Fv2%2Ftags&post=189429"}],"curies":[{"name":"wp","href":"https:\/\/api.w.org\/{rel}","templated":true}]}}