{"id":189420,"date":"2025-11-25T18:22:00","date_gmt":"2025-11-26T00:22:00","guid":{"rendered":"https:\/\/www.buroperiodistico.com.mx\/?p=189420"},"modified":"2025-11-25T18:22:00","modified_gmt":"2025-11-26T00:22:00","slug":"tamaulipas-fortalece-acciones-para-la-proteccion-de-los-derechos-de-ninas-ninos-y-adolescentes","status":"publish","type":"post","link":"https:\/\/www.buroperiodistico.com.mx\/?p=189420","title":{"rendered":"Tamaulipas fortalece acciones para la protecci\u00f3n de los derechos de ni\u00f1as, ni\u00f1os y adolescentes"},"content":{"rendered":"<p><em><strong><img loading=\"lazy\" decoding=\"async\" class=\" wp-image-189422 alignright\" src=\"https:\/\/www.buroperiodistico.com.mx\/wp-content\/uploads\/2025\/11\/SESadolescentes.jpeg\" alt=\"\" width=\"552\" height=\"321\" srcset=\"https:\/\/www.buroperiodistico.com.mx\/wp-content\/uploads\/2025\/11\/SESadolescentes.jpeg 1024w, https:\/\/www.buroperiodistico.com.mx\/wp-content\/uploads\/2025\/11\/SESadolescentes-300x174.jpeg 300w, https:\/\/www.buroperiodistico.com.mx\/wp-content\/uploads\/2025\/11\/SESadolescentes-768x446.jpeg 768w\" sizes=\"auto, (max-width: 552px) 100vw, 552px\" \/>Ciudad Victoria, Tamaulipas (25-Noviembre-2025).-<\/strong><\/em> El secretario ejecutivo del Sistema Estatal de Seguridad P\u00fablica, Willy Z\u00fa\u00f1iga Castillo, asisti\u00f3 a la Tercera Sesi\u00f3n del Sistema de Protecci\u00f3n Integral de los Derechos de Ni\u00f1as, Ni\u00f1os y Adolescentes (SIPINNA), en cumplimiento a las disposiciones de la Ley de los Derechos de Ni\u00f1as, Ni\u00f1os y Adolescentes de Tamaulipas.<\/p>\n<p>El encuentro tuvo lugar en las instalaciones del Polyforum \u201cDr. Rodolfo Torre Cant\u00fa\u201d, ubicado en el Parque Bicentenario de esta ciudad capital y cont\u00f3 con la representaci\u00f3n de autoridades de los tres \u00f3rdenes de gobierno, reafirmando el compromiso institucional para impulsar pol\u00edticas p\u00fablicas en favor de la ni\u00f1ez y adolescencia tamaulipeca.<\/p>\n<p>La sesi\u00f3n fue presidida por H\u00e9ctor Joel Villegas, secretario general de Gobierno, en representaci\u00f3n del gobernador Am\u00e9rico Villarreal Anaya, y presidente del SIPINNA Tamaulipas, cuyo liderazgo ha sido clave en el fortalecimiento de las acciones destinadas a garantizar los derechos y el bienestar de ni\u00f1as, ni\u00f1os y adolescentes en el estado.<\/p>\n<p>Durante su participaci\u00f3n, Willy Z\u00fa\u00f1iga llev\u00f3 a cabo la presentaci\u00f3n de la \u201cCartilla para la prevenci\u00f3n y respuesta ante la violencia sexual contra ni\u00f1as, ni\u00f1os y adolescentes\u201d, destacando la importancia de esta herramienta institucional.<\/p>\n<p>Al respecto, se\u00f1al\u00f3: \u201cEn este marco, es un honor presentar la xartilla para la prevenci\u00f3n y respuesta ante la violencia sexual contra ni\u00f1as, ni\u00f1os y adolescentes, una herramienta fundamental que resulta del esfuerzo coordinado entre la Secretar\u00eda General de Gobierno, a trav\u00e9s de SIPINNA Tamaulipas; el Secretariado Ejecutivo del Sistema Estatal de Seguridad P\u00fablica, que represento con orgullo; y el valioso acompa\u00f1amiento t\u00e9cnico de UNICEF\u201d.<\/p>\n<p>Explic\u00f3 que con acciones como esta, el Gobierno del Estado de Tamaulipas reafirma su compromiso con los principios establecidos en la Constituci\u00f3n y en los tratados internacionales de los que M\u00e9xico es parte, enfocando sus esfuerzos en la promoci\u00f3n, respeto, protecci\u00f3n y garant\u00eda de los derechos humanos de ni\u00f1as, ni\u00f1os y adolescentes<\/p>\n<p><img loading=\"lazy\" decoding=\"async\" class=\"aligncenter size-full wp-image-189421\" src=\"https:\/\/www.buroperiodistico.com.mx\/wp-content\/uploads\/2025\/11\/SESadolescentes-I.jpeg\" alt=\"\" width=\"640\" height=\"426\" srcset=\"https:\/\/www.buroperiodistico.com.mx\/wp-content\/uploads\/2025\/11\/SESadolescentes-I.jpeg 640w, https:\/\/www.buroperiodistico.com.mx\/wp-content\/uploads\/2025\/11\/SESadolescentes-I-300x200.jpeg 300w\" sizes=\"auto, (max-width: 640px) 100vw, 640px\" \/><\/p>\n","protected":false},"excerpt":{"rendered":"<p>Ciudad Victoria, Tamaulipas (25-Noviembre-2025).- El secretario ejecutivo del Sistema Estatal de Seguridad P\u00fablica, Willy Z\u00fa\u00f1iga&#8230;<\/p>\n","protected":false},"author":1,"featured_media":189422,"comment_status":"closed","ping_status":"closed","sticky":false,"template":"","format":"standard","meta":{"footnotes":"","jetpack_publicize_message":"","jetpack_publicize_feature_enabled":true,"jetpack_social_post_already_shared":true,"jetpack_social_options":{"image_generator_settings":{"template":"highway","default_image_id":0,"font":"","enabled":false},"version":2}},"categories":[10],"tags":[],"class_list":["post-189420","post","type-post","status-publish","format-standard","has-post-thumbnail","hentry","category-tamaulipas"],"jetpack_publicize_connections":[],"_links":{"self":[{"href":"https:\/\/www.buroperiodistico.com.mx\/index.php?rest_route=\/wp\/v2\/posts\/189420","targetHints":{"allow":["GET"]}}],"collection":[{"href":"https:\/\/www.buroperiodistico.com.mx\/index.php?rest_route=\/wp\/v2\/posts"}],"about":[{"href":"https:\/\/www.buroperiodistico.com.mx\/index.php?rest_route=\/wp\/v2\/types\/post"}],"author":[{"embeddable":true,"href":"https:\/\/www.buroperiodistico.com.mx\/index.php?rest_route=\/wp\/v2\/users\/1"}],"replies":[{"embeddable":true,"href":"https:\/\/www.buroperiodistico.com.mx\/index.php?rest_route=%2Fwp%2Fv2%2Fcomments&post=189420"}],"version-history":[{"count":0,"href":"https:\/\/www.buroperiodistico.com.mx\/index.php?rest_route=\/wp\/v2\/posts\/189420\/revisions"}],"wp:featuredmedia":[{"embeddable":true,"href":"https:\/\/www.buroperiodistico.com.mx\/index.php?rest_route=\/wp\/v2\/media\/189422"}],"wp:attachment":[{"href":"https:\/\/www.buroperiodistico.com.mx\/index.php?rest_route=%2Fwp%2Fv2%2Fmedia&parent=189420"}],"wp:term":[{"taxonomy":"category","embeddable":true,"href":"https:\/\/www.buroperiodistico.com.mx\/index.php?rest_route=%2Fwp%2Fv2%2Fcategories&post=189420"},{"taxonomy":"post_tag","embeddable":true,"href":"https:\/\/www.buroperiodistico.com.mx\/index.php?rest_route=%2Fwp%2Fv2%2Ftags&post=189420"}],"curies":[{"name":"wp","href":"https:\/\/api.w.org\/{rel}","templated":true}]}}