{"id":189407,"date":"2025-11-25T18:11:08","date_gmt":"2025-11-26T00:11:08","guid":{"rendered":"https:\/\/www.buroperiodistico.com.mx\/?p=189407"},"modified":"2025-11-25T18:11:08","modified_gmt":"2025-11-26T00:11:08","slug":"promueve-sipinna-tamaulipas-derechos-de-ninas-ninos-y-adolescentes-con-jornada-en-ejido-la-libertad","status":"publish","type":"post","link":"https:\/\/www.buroperiodistico.com.mx\/?p=189407","title":{"rendered":"Promueve SIPINNA Tamaulipas derechos de ni\u00f1as, ni\u00f1os y adolescentes con jornada en ejido La Libertad"},"content":{"rendered":"<p><em><strong><img loading=\"lazy\" decoding=\"async\" class=\" wp-image-189411 alignright\" src=\"https:\/\/www.buroperiodistico.com.mx\/wp-content\/uploads\/2025\/11\/NNALibertad.jpeg\" alt=\"\" width=\"591\" height=\"369\" srcset=\"https:\/\/www.buroperiodistico.com.mx\/wp-content\/uploads\/2025\/11\/NNALibertad.jpeg 1024w, https:\/\/www.buroperiodistico.com.mx\/wp-content\/uploads\/2025\/11\/NNALibertad-300x187.jpeg 300w, https:\/\/www.buroperiodistico.com.mx\/wp-content\/uploads\/2025\/11\/NNALibertad-768x479.jpeg 768w\" sizes=\"auto, (max-width: 591px) 100vw, 591px\" \/>Ciudad Victoria, Tamaulipas (25-Noviembre-2025).-<\/strong><\/em> En el marco del D\u00eda Mundial para las Infancias y del 35\u00b0 aniversario de la Convenci\u00f3n sobre los Derechos de Ni\u00f1as, Ni\u00f1os y Adolescentes, el Sistema Estatal de Proteccion Integral de los Derechos de las Ni\u00f1as, Ni\u00f1os y Adolescentes (SIPINNA), llev\u00f3 a cabo una jornada de aprendizaje, participaci\u00f3n y recreaci\u00f3n en la Escuela Primaria Pedro Jos\u00e9 M\u00e9ndez, ubicada en el ejido La Libertad.<\/p>\n<p>Durante la actividad, las ni\u00f1as y los ni\u00f1os elaboraron un mural alusivo a sus derechos, utilizando colores, dibujos y mensajes para expresar lo que significa crecer en un entorno seguro, respetuoso y lleno de oportunidades. Asimismo, se desarroll\u00f3 un rally interactivo que permiti\u00f3 a las y los estudiantes aprender mediante el juego.<\/p>\n<p>La jornada cont\u00f3 con la participaci\u00f3n del C5i, quienes ofrecieron informaci\u00f3n clave sobre el uso adecuado de la l\u00ednea de emergencias 9-1-1, fomentando la prevenci\u00f3n y la seguridad en la comunidad escolar.<\/p>\n<p>Ivette Salazar M\u00e1rquez, secretaria ejecutiva del SIPINNA Tamaulipas, destac\u00f3: \u00abActividades como estas son fundamentales para que nuestras ni\u00f1as y ni\u00f1os conozcan sus derechos y aprendan a ejercerlos en un entorno seguro y participativo. Gracias al apoyo del gobernador Am\u00e9rico Villarreal Anaya, podemos impulsar iniciativas que fortalecen la educaci\u00f3n, la creatividad y la seguridad de nuestras infancias.\u00bb<\/p>\n","protected":false},"excerpt":{"rendered":"<p>Ciudad Victoria, Tamaulipas (25-Noviembre-2025).- En el marco del D\u00eda Mundial para las Infancias y del&#8230;<\/p>\n","protected":false},"author":1,"featured_media":189411,"comment_status":"closed","ping_status":"closed","sticky":false,"template":"","format":"standard","meta":{"footnotes":"","jetpack_publicize_message":"","jetpack_publicize_feature_enabled":true,"jetpack_social_post_already_shared":true,"jetpack_social_options":{"image_generator_settings":{"template":"highway","default_image_id":0,"font":"","enabled":false},"version":2}},"categories":[10],"tags":[],"class_list":["post-189407","post","type-post","status-publish","format-standard","has-post-thumbnail","hentry","category-tamaulipas"],"jetpack_publicize_connections":[],"_links":{"self":[{"href":"https:\/\/www.buroperiodistico.com.mx\/index.php?rest_route=\/wp\/v2\/posts\/189407","targetHints":{"allow":["GET"]}}],"collection":[{"href":"https:\/\/www.buroperiodistico.com.mx\/index.php?rest_route=\/wp\/v2\/posts"}],"about":[{"href":"https:\/\/www.buroperiodistico.com.mx\/index.php?rest_route=\/wp\/v2\/types\/post"}],"author":[{"embeddable":true,"href":"https:\/\/www.buroperiodistico.com.mx\/index.php?rest_route=\/wp\/v2\/users\/1"}],"replies":[{"embeddable":true,"href":"https:\/\/www.buroperiodistico.com.mx\/index.php?rest_route=%2Fwp%2Fv2%2Fcomments&post=189407"}],"version-history":[{"count":0,"href":"https:\/\/www.buroperiodistico.com.mx\/index.php?rest_route=\/wp\/v2\/posts\/189407\/revisions"}],"wp:featuredmedia":[{"embeddable":true,"href":"https:\/\/www.buroperiodistico.com.mx\/index.php?rest_route=\/wp\/v2\/media\/189411"}],"wp:attachment":[{"href":"https:\/\/www.buroperiodistico.com.mx\/index.php?rest_route=%2Fwp%2Fv2%2Fmedia&parent=189407"}],"wp:term":[{"taxonomy":"category","embeddable":true,"href":"https:\/\/www.buroperiodistico.com.mx\/index.php?rest_route=%2Fwp%2Fv2%2Fcategories&post=189407"},{"taxonomy":"post_tag","embeddable":true,"href":"https:\/\/www.buroperiodistico.com.mx\/index.php?rest_route=%2Fwp%2Fv2%2Ftags&post=189407"}],"curies":[{"name":"wp","href":"https:\/\/api.w.org\/{rel}","templated":true}]}}