{"id":189404,"date":"2025-11-25T17:08:56","date_gmt":"2025-11-25T23:08:56","guid":{"rendered":"https:\/\/www.buroperiodistico.com.mx\/?p=189404"},"modified":"2025-11-25T17:08:56","modified_gmt":"2025-11-25T23:08:56","slug":"alcaldesa-carmen-lilia-canturosas-impulsa-jornada-integral-de-vacunacion-para-proteger-a-las-familias-neolaredenses","status":"publish","type":"post","link":"https:\/\/www.buroperiodistico.com.mx\/?p=189404","title":{"rendered":"ALCALDESA CARMEN LILIA CANTUROSAS IMPULSA JORNADA INTEGRAL DE VACUNACI\u00d3N PARA PROTEGER A LAS FAMILIAS NEOLAREDENSES"},"content":{"rendered":"<p dir=\"ltr\"><em><strong><img loading=\"lazy\" decoding=\"async\" class=\" wp-image-189405 alignright\" src=\"https:\/\/www.buroperiodistico.com.mx\/wp-content\/uploads\/2025\/11\/CLCR-2.jpg\" alt=\"\" width=\"525\" height=\"335\" srcset=\"https:\/\/www.buroperiodistico.com.mx\/wp-content\/uploads\/2025\/11\/CLCR-2.jpg 1024w, https:\/\/www.buroperiodistico.com.mx\/wp-content\/uploads\/2025\/11\/CLCR-2-300x192.jpg 300w, https:\/\/www.buroperiodistico.com.mx\/wp-content\/uploads\/2025\/11\/CLCR-2-768x491.jpg 768w\" sizes=\"auto, (max-width: 525px) 100vw, 525px\" \/>Nuevo Laredo, Tam (25-Noviembre-2025).-<\/strong><\/em> El Gobierno Municipal de Nuevo Laredo anunci\u00f3 el inicio de la jornada de vacunaci\u00f3n contra la influenza y el neumococo en todas las Cl\u00ednicas UNE de la ciudad, con el objetivo de proteger a la poblaci\u00f3n durante la temporada invernal.<\/p>\n<p dir=\"ltr\">La alcaldesa Carmen Lilia Canturosas Villarreal destac\u00f3 que la campa\u00f1a ya est\u00e1 activa y abierta para personas de todas las edades que deseen acudir a su cl\u00ednica m\u00e1s cercana.<\/p>\n<p dir=\"ltr\">\u201cEn todas, en todas las Cl\u00ednicas UNE de Nuevo Laredo habr\u00e1 vacunaci\u00f3n contra la influenza y el neumococo. Aprovechen: lleven a los adultos mayores, a sus hijos, vayan ustedes mismos, inviten al vecino. A partir de hoy ya pueden acudir y recibir su vacuna de manera gratuita\u201d, se\u00f1al\u00f3 la presidenta municipal.<\/p>\n<p dir=\"ltr\">Adem\u00e1s, anunci\u00f3 que este s\u00e1bado 29 de noviembre en el Monumento Fundadores de 10 de la ma\u00f1ana a\u00a0 de la tarde se realizar\u00e1 una jornada especial Drive Thru, modalidad que se ha consolidado como una pr\u00e1ctica \u00e1gil y segura para la comunidad.<\/p>\n<p dir=\"ltr\">\u201cComo ya es costumbre, este s\u00e1bado tendremos nuestro Drive Thru para que solamente saquen el bracito y ah\u00ed mismo se les aplique la vacuna contra la influenza y el neumococo. Todo totalmente gratuito, gracias al apoyo de nuestros amigos del sector salud\u201d, agreg\u00f3.<\/p>\n<p dir=\"ltr\">Las vacunas estar\u00e1n disponibles sin costo, y se recomienda especialmente a adultos mayores, ni\u00f1as y ni\u00f1os, as\u00ed como personas con enfermedades cr\u00f3nicas, aprovechar esta oportunidad para reforzar su salud.<\/p>\n<p>El Gobierno Municipal invita a la poblaci\u00f3n a mantenerse informada a trav\u00e9s de los canales oficiales para conocer horarios y sedes de las Cl\u00ednicas UNE, as\u00ed como detalles de la jornada Drive Thru.<\/p>\n","protected":false},"excerpt":{"rendered":"<p>Nuevo Laredo, Tam (25-Noviembre-2025).- El Gobierno Municipal de Nuevo Laredo anunci\u00f3 el inicio de la&#8230;<\/p>\n","protected":false},"author":1,"featured_media":189405,"comment_status":"closed","ping_status":"closed","sticky":false,"template":"","format":"standard","meta":{"footnotes":"","jetpack_publicize_message":"","jetpack_publicize_feature_enabled":true,"jetpack_social_post_already_shared":true,"jetpack_social_options":{"image_generator_settings":{"template":"highway","default_image_id":0,"font":"","enabled":false},"version":2}},"categories":[16,25],"tags":[],"class_list":["post-189404","post","type-post","status-publish","format-standard","has-post-thumbnail","hentry","category-nuevolaredo","category-portada"],"jetpack_publicize_connections":[],"_links":{"self":[{"href":"https:\/\/www.buroperiodistico.com.mx\/index.php?rest_route=\/wp\/v2\/posts\/189404","targetHints":{"allow":["GET"]}}],"collection":[{"href":"https:\/\/www.buroperiodistico.com.mx\/index.php?rest_route=\/wp\/v2\/posts"}],"about":[{"href":"https:\/\/www.buroperiodistico.com.mx\/index.php?rest_route=\/wp\/v2\/types\/post"}],"author":[{"embeddable":true,"href":"https:\/\/www.buroperiodistico.com.mx\/index.php?rest_route=\/wp\/v2\/users\/1"}],"replies":[{"embeddable":true,"href":"https:\/\/www.buroperiodistico.com.mx\/index.php?rest_route=%2Fwp%2Fv2%2Fcomments&post=189404"}],"version-history":[{"count":0,"href":"https:\/\/www.buroperiodistico.com.mx\/index.php?rest_route=\/wp\/v2\/posts\/189404\/revisions"}],"wp:featuredmedia":[{"embeddable":true,"href":"https:\/\/www.buroperiodistico.com.mx\/index.php?rest_route=\/wp\/v2\/media\/189405"}],"wp:attachment":[{"href":"https:\/\/www.buroperiodistico.com.mx\/index.php?rest_route=%2Fwp%2Fv2%2Fmedia&parent=189404"}],"wp:term":[{"taxonomy":"category","embeddable":true,"href":"https:\/\/www.buroperiodistico.com.mx\/index.php?rest_route=%2Fwp%2Fv2%2Fcategories&post=189404"},{"taxonomy":"post_tag","embeddable":true,"href":"https:\/\/www.buroperiodistico.com.mx\/index.php?rest_route=%2Fwp%2Fv2%2Ftags&post=189404"}],"curies":[{"name":"wp","href":"https:\/\/api.w.org\/{rel}","templated":true}]}}