{"id":189400,"date":"2025-11-25T17:06:45","date_gmt":"2025-11-25T23:06:45","guid":{"rendered":"https:\/\/www.buroperiodistico.com.mx\/?p=189400"},"modified":"2025-11-25T17:06:45","modified_gmt":"2025-11-25T23:06:45","slug":"comision-de-justicia-recibe-terna-final-para-la-fiscalia-general-de-justicia","status":"publish","type":"post","link":"https:\/\/www.buroperiodistico.com.mx\/?p=189400","title":{"rendered":"Comisi\u00f3n de Justicia recibe terna final para la Fiscal\u00eda General de Justicia"},"content":{"rendered":"<p><em><strong><img loading=\"lazy\" decoding=\"async\" class=\" wp-image-189402 alignright\" src=\"https:\/\/www.buroperiodistico.com.mx\/wp-content\/uploads\/2025\/11\/Dipux.jpeg\" alt=\"\" width=\"504\" height=\"319\" srcset=\"https:\/\/www.buroperiodistico.com.mx\/wp-content\/uploads\/2025\/11\/Dipux.jpeg 1024w, https:\/\/www.buroperiodistico.com.mx\/wp-content\/uploads\/2025\/11\/Dipux-300x190.jpeg 300w, https:\/\/www.buroperiodistico.com.mx\/wp-content\/uploads\/2025\/11\/Dipux-768x486.jpeg 768w\" sizes=\"auto, (max-width: 504px) 100vw, 504px\" \/>Cd. Victoria, Tam (25-Noviembre-2025).-<\/strong><\/em> La Comisi\u00f3n de Justicia del Congreso del Estado, presidida por el diputado Isidro Jes\u00fas Vargas Fern\u00e1ndez, recibi\u00f3 formalmente la terna definitiva de personas aspirantes a ocupar la titularidad de la Fiscal\u00eda General de Justicia del Estado, remitida por el titular del Poder Ejecutivo, Am\u00e9rico Villarreal Anaya.<\/p>\n<p>El Ejecutivo se\u00f1al\u00f3 que consider\u00f3 como directriz para la integraci\u00f3n de esta terna a las y los profesionistas que se distinguen o han acreditado una trayectoria solvente, apegada a los principios de legalidad, imparcialidad, igualdad, objetividad, eficiencia, profesionalismo, transparencia, independencia, honradez y respeto irrestricto a los derechos humanos.<\/p>\n<p>Los perfiles seleccionados por el Ejecutivo, que ser\u00e1n analizados por las y los integrantes de la Comisi\u00f3n, son:<\/p>\n<ol>\n<li>Marisol Ivette Borja Lara<\/li>\n<li>Jes\u00fas Eduardo Govea Orozco<\/li>\n<li>Jes\u00fas Gilberto Alarc\u00f3n Benavides<\/li>\n<\/ol>\n<p>Como parte del procedimiento constitucional, la Comisi\u00f3n de Justicia realizar\u00e1 ma\u00f1ana las entrevistas correspondientes a quienes integran esta terna, con el fin de conocer a detalle su trayectoria profesional, visi\u00f3n institucional y propuestas para fortalecer la procuraci\u00f3n de justicia en Tamaulipas.<\/p>\n<p>La terna ser\u00e1 enviada el 29 de noviembre al Pleno Legislativo, a fin de elegir a la persona id\u00f3nea para ocupar la Fiscal\u00eda General de Justicia del Estado, por las dos terceras partes de los diputados.<\/p>\n<p>La persona designada rendir\u00e1 protesta ante el Pleno el 2 de diciembre, y su nombramiento surtir\u00e1 efectos a partir del 16 de diciembre del presente a\u00f1o.<\/p>\n<p><img loading=\"lazy\" decoding=\"async\" class=\"aligncenter size-full wp-image-189401\" src=\"https:\/\/www.buroperiodistico.com.mx\/wp-content\/uploads\/2025\/11\/Dipux-I.jpeg\" alt=\"\" width=\"640\" height=\"427\" srcset=\"https:\/\/www.buroperiodistico.com.mx\/wp-content\/uploads\/2025\/11\/Dipux-I.jpeg 640w, https:\/\/www.buroperiodistico.com.mx\/wp-content\/uploads\/2025\/11\/Dipux-I-300x200.jpeg 300w\" sizes=\"auto, (max-width: 640px) 100vw, 640px\" \/><\/p>\n","protected":false},"excerpt":{"rendered":"<p>Cd. Victoria, Tam (25-Noviembre-2025).- La Comisi\u00f3n de Justicia del Congreso del Estado, presidida por el&#8230;<\/p>\n","protected":false},"author":1,"featured_media":189402,"comment_status":"closed","ping_status":"closed","sticky":false,"template":"","format":"standard","meta":{"footnotes":"","jetpack_publicize_message":"","jetpack_publicize_feature_enabled":true,"jetpack_social_post_already_shared":true,"jetpack_social_options":{"image_generator_settings":{"template":"highway","default_image_id":0,"font":"","enabled":false},"version":2}},"categories":[17],"tags":[],"class_list":["post-189400","post","type-post","status-publish","format-standard","has-post-thumbnail","hentry","category-ciudadvictoria"],"jetpack_publicize_connections":[],"_links":{"self":[{"href":"https:\/\/www.buroperiodistico.com.mx\/index.php?rest_route=\/wp\/v2\/posts\/189400","targetHints":{"allow":["GET"]}}],"collection":[{"href":"https:\/\/www.buroperiodistico.com.mx\/index.php?rest_route=\/wp\/v2\/posts"}],"about":[{"href":"https:\/\/www.buroperiodistico.com.mx\/index.php?rest_route=\/wp\/v2\/types\/post"}],"author":[{"embeddable":true,"href":"https:\/\/www.buroperiodistico.com.mx\/index.php?rest_route=\/wp\/v2\/users\/1"}],"replies":[{"embeddable":true,"href":"https:\/\/www.buroperiodistico.com.mx\/index.php?rest_route=%2Fwp%2Fv2%2Fcomments&post=189400"}],"version-history":[{"count":0,"href":"https:\/\/www.buroperiodistico.com.mx\/index.php?rest_route=\/wp\/v2\/posts\/189400\/revisions"}],"wp:featuredmedia":[{"embeddable":true,"href":"https:\/\/www.buroperiodistico.com.mx\/index.php?rest_route=\/wp\/v2\/media\/189402"}],"wp:attachment":[{"href":"https:\/\/www.buroperiodistico.com.mx\/index.php?rest_route=%2Fwp%2Fv2%2Fmedia&parent=189400"}],"wp:term":[{"taxonomy":"category","embeddable":true,"href":"https:\/\/www.buroperiodistico.com.mx\/index.php?rest_route=%2Fwp%2Fv2%2Fcategories&post=189400"},{"taxonomy":"post_tag","embeddable":true,"href":"https:\/\/www.buroperiodistico.com.mx\/index.php?rest_route=%2Fwp%2Fv2%2Ftags&post=189400"}],"curies":[{"name":"wp","href":"https:\/\/api.w.org\/{rel}","templated":true}]}}