{"id":189396,"date":"2025-11-25T16:38:24","date_gmt":"2025-11-25T22:38:24","guid":{"rendered":"https:\/\/www.buroperiodistico.com.mx\/?p=189396"},"modified":"2025-11-25T16:38:24","modified_gmt":"2025-11-25T22:38:24","slug":"gobierno-de-nuevo-laredo-amplia-red-de-internet-municipal-gratuita-en-plazas-hospitales-y-espacios-publicos","status":"publish","type":"post","link":"https:\/\/www.buroperiodistico.com.mx\/?p=189396","title":{"rendered":"GOBIERNO DE NUEVO LAREDO AMPLIA RED DE INTERNET MUNICIPAL GRATUITA EN PLAZAS, HOSPITALES Y ESPACIOS P\u00daBLICOS"},"content":{"rendered":"<p dir=\"ltr\"><em><strong><img loading=\"lazy\" decoding=\"async\" class=\" wp-image-189398 alignright\" src=\"https:\/\/www.buroperiodistico.com.mx\/wp-content\/uploads\/2025\/11\/INTERNET-MUNICIPAL.jpg\" alt=\"\" width=\"525\" height=\"318\" srcset=\"https:\/\/www.buroperiodistico.com.mx\/wp-content\/uploads\/2025\/11\/INTERNET-MUNICIPAL.jpg 1024w, https:\/\/www.buroperiodistico.com.mx\/wp-content\/uploads\/2025\/11\/INTERNET-MUNICIPAL-300x182.jpg 300w, https:\/\/www.buroperiodistico.com.mx\/wp-content\/uploads\/2025\/11\/INTERNET-MUNICIPAL-768x465.jpg 768w\" sizes=\"auto, (max-width: 525px) 100vw, 525px\" \/>Nuevo Laredo, Tam (25-Noviembre-2025).-<\/strong><\/em> Con el prop\u00f3sito de convertir a Nuevo Laredo en una ciudad cada vez m\u00e1s conectada, el Gobierno Municipal ampli\u00f3 la red de Internet Municipal Gratuito, que hoy opera en m\u00e1s de 90 espacios p\u00fablicos distribuidos en colonias, plazas, parques, centros de salud, instituciones educativas y edificios gubernamentales.<\/p>\n<p dir=\"ltr\">Entre los puntos de mayor afluencia destacan Plaza M\u00e9xico, Plaza Hidalgo 1 y 2, Plaza Libertad, Plaza Catedral, Plaza de la Mujer 1 y 2, Plaza Del Valle, Plaza San Rafael, Plaza San Agust\u00edn, Plaza Tanque Elevado, Plaza Valles del Para\u00edso y Plaza Periodistas, sitios que hoy cuentan con servicio estable y permanente.<\/p>\n<p dir=\"ltr\">Los espacios con alta importancia social como hospitales y centros de atenci\u00f3n tambi\u00e9n cuentan con conexi\u00f3n gratuita, incluyendo la Cl\u00ednica UNE Campanario, DIF Centro de Rehabilitaci\u00f3n, DIF Guarder\u00eda CRI, Oncol\u00f3gico Ambulancias.<\/p>\n<p dir=\"ltr\">En materia educativa y comunitaria, los puntos de internet est\u00e1n activos en lugares clave como la Universidad Tecnol\u00f3gica, Preparatoria Municipal \u201cElena Poniatowska\u201d, Estaci\u00f3n Palabra, Centro C\u00edvico, Centro Comunitario Lomas del R\u00edo, Nueva Victoria, Campo Real, Villas de San Miguel, Nogal, Nueva Era y otros m\u00e1s, adem\u00e1s del TAMUL Progreso, TAMUL Am\u00e9rico Villarreal y TAMUL Villas del Sol.<\/p>\n<p dir=\"ltr\">Los parques y \u00e1reas recreativas tambi\u00e9n cuentan con conectividad para beneficio de ni\u00f1as, ni\u00f1os y j\u00f3venes, como Parque Viveros, el Acuario, albercas, Pies Mojados 1 y 2, Zool\u00f3gico, Parque Mendoza, Parque Solidaridad, Parque La Fe Sur, Parque El Bienestar, Parque Morelos Bandera, Parque Silao.<\/p>\n<p dir=\"ltr\">Adem\u00e1s, se incorporaron puntos en paradas de camiones, incluyendo Smart L\u00f3pez, Colinas, Tecnol\u00f3gico y Reforma, facilitando la conexi\u00f3n para trabajadores y estudiantes durante sus traslados.<\/p>\n<p dir=\"ltr\">Con esta red municipal, el Gobierno de la ciudad impulsa la inclusi\u00f3n digital y el acceso equitativo a la tecnolog\u00eda, gracias a esta ampliaci\u00f3n, m\u00e1s colonias, estudiantes, comerciantes y visitantes podr\u00e1n mantenerse comunicados, realizar tr\u00e1mites, estudiar en l\u00ednea y acceder a servicios esenciales desde cualquier punto del municipio.<\/p>\n<p dir=\"ltr\"><img loading=\"lazy\" decoding=\"async\" class=\"aligncenter size-full wp-image-189397\" src=\"https:\/\/www.buroperiodistico.com.mx\/wp-content\/uploads\/2025\/11\/INTERNET-MUNICIPAL-I.jpg\" alt=\"\" width=\"640\" height=\"428\" srcset=\"https:\/\/www.buroperiodistico.com.mx\/wp-content\/uploads\/2025\/11\/INTERNET-MUNICIPAL-I.jpg 640w, https:\/\/www.buroperiodistico.com.mx\/wp-content\/uploads\/2025\/11\/INTERNET-MUNICIPAL-I-300x201.jpg 300w\" sizes=\"auto, (max-width: 640px) 100vw, 640px\" \/><\/p>\n","protected":false},"excerpt":{"rendered":"<p>Nuevo Laredo, Tam (25-Noviembre-2025).- Con el prop\u00f3sito de convertir a Nuevo Laredo en una ciudad&#8230;<\/p>\n","protected":false},"author":1,"featured_media":189398,"comment_status":"closed","ping_status":"closed","sticky":false,"template":"","format":"standard","meta":{"footnotes":"","jetpack_publicize_message":"","jetpack_publicize_feature_enabled":true,"jetpack_social_post_already_shared":true,"jetpack_social_options":{"image_generator_settings":{"template":"highway","default_image_id":0,"font":"","enabled":false},"version":2}},"categories":[16],"tags":[],"class_list":["post-189396","post","type-post","status-publish","format-standard","has-post-thumbnail","hentry","category-nuevolaredo"],"jetpack_publicize_connections":[],"_links":{"self":[{"href":"https:\/\/www.buroperiodistico.com.mx\/index.php?rest_route=\/wp\/v2\/posts\/189396","targetHints":{"allow":["GET"]}}],"collection":[{"href":"https:\/\/www.buroperiodistico.com.mx\/index.php?rest_route=\/wp\/v2\/posts"}],"about":[{"href":"https:\/\/www.buroperiodistico.com.mx\/index.php?rest_route=\/wp\/v2\/types\/post"}],"author":[{"embeddable":true,"href":"https:\/\/www.buroperiodistico.com.mx\/index.php?rest_route=\/wp\/v2\/users\/1"}],"replies":[{"embeddable":true,"href":"https:\/\/www.buroperiodistico.com.mx\/index.php?rest_route=%2Fwp%2Fv2%2Fcomments&post=189396"}],"version-history":[{"count":0,"href":"https:\/\/www.buroperiodistico.com.mx\/index.php?rest_route=\/wp\/v2\/posts\/189396\/revisions"}],"wp:featuredmedia":[{"embeddable":true,"href":"https:\/\/www.buroperiodistico.com.mx\/index.php?rest_route=\/wp\/v2\/media\/189398"}],"wp:attachment":[{"href":"https:\/\/www.buroperiodistico.com.mx\/index.php?rest_route=%2Fwp%2Fv2%2Fmedia&parent=189396"}],"wp:term":[{"taxonomy":"category","embeddable":true,"href":"https:\/\/www.buroperiodistico.com.mx\/index.php?rest_route=%2Fwp%2Fv2%2Fcategories&post=189396"},{"taxonomy":"post_tag","embeddable":true,"href":"https:\/\/www.buroperiodistico.com.mx\/index.php?rest_route=%2Fwp%2Fv2%2Ftags&post=189396"}],"curies":[{"name":"wp","href":"https:\/\/api.w.org\/{rel}","templated":true}]}}