{"id":189392,"date":"2025-11-25T16:36:04","date_gmt":"2025-11-25T22:36:04","guid":{"rendered":"https:\/\/www.buroperiodistico.com.mx\/?p=189392"},"modified":"2025-11-25T16:36:04","modified_gmt":"2025-11-25T22:36:04","slug":"gobierno-municipal-acerca-servicios-de-salud-a-empresas","status":"publish","type":"post","link":"https:\/\/www.buroperiodistico.com.mx\/?p=189392","title":{"rendered":"GOBIERNO MUNICIPAL ACERCA SERVICIOS DE SALUD A EMPRESAS\u00a0"},"content":{"rendered":"<p dir=\"ltr\"><em><strong><img loading=\"lazy\" decoding=\"async\" class=\" wp-image-189394 alignright\" src=\"https:\/\/www.buroperiodistico.com.mx\/wp-content\/uploads\/2025\/11\/BRIGADA-SALUD.jpg\" alt=\"\" width=\"561\" height=\"387\" srcset=\"https:\/\/www.buroperiodistico.com.mx\/wp-content\/uploads\/2025\/11\/BRIGADA-SALUD.jpg 1024w, https:\/\/www.buroperiodistico.com.mx\/wp-content\/uploads\/2025\/11\/BRIGADA-SALUD-300x207.jpg 300w, https:\/\/www.buroperiodistico.com.mx\/wp-content\/uploads\/2025\/11\/BRIGADA-SALUD-768x530.jpg 768w\" sizes=\"auto, (max-width: 561px) 100vw, 561px\" \/>Nuevo Laredo, Tam (25-Noviembre-2025).-<\/strong><\/em>\u00a0El Gobierno Municipal, a trav\u00e9s de la Secretar\u00eda de Bienestar, llev\u00f3 la Brigada de Salud Municipal a las instalaciones de la empresa TKR de M\u00e9xico, S.A. de C.V., con el objetivo de acercar servicios m\u00e9dicos a trabajadoras, trabajadores y personas que acuden a este centro laboral.<\/p>\n<p dir=\"ltr\">Durante la jornada se ofrecieron atenciones preventivas y de cuidado integral, reafirmando el compromiso del Gobierno Municipal de facilitar el acceso a la salud en todos los sectores productivos de la ciudad.<\/p>\n<p dir=\"ltr\">Esta acci\u00f3n forma parte de una estrategia permanente para promover el bienestar laboral mediante servicios gratuitos, oportunos y cercanos.<\/p>\n<p dir=\"ltr\">La Secretar\u00eda de Bienestar inform\u00f3 que estas brigadas continuar\u00e1n visitando m\u00e1s empresas, garantizando que cada vez m\u00e1s personas puedan recibir atenci\u00f3n m\u00e9dica sin necesidad de trasladarse a otros puntos de la ciudad.<\/p>\n<p dir=\"ltr\">Con estas acciones, el Gobierno Municipal impulsa entornos laborales m\u00e1s saludables y una mejor calidad de vida para la poblaci\u00f3n.<\/p>\n<p dir=\"ltr\"><img loading=\"lazy\" decoding=\"async\" class=\"aligncenter size-full wp-image-189393\" src=\"https:\/\/www.buroperiodistico.com.mx\/wp-content\/uploads\/2025\/11\/BRIGADA-SALUD-I.jpg\" alt=\"\" width=\"640\" height=\"480\" srcset=\"https:\/\/www.buroperiodistico.com.mx\/wp-content\/uploads\/2025\/11\/BRIGADA-SALUD-I.jpg 640w, https:\/\/www.buroperiodistico.com.mx\/wp-content\/uploads\/2025\/11\/BRIGADA-SALUD-I-300x225.jpg 300w\" sizes=\"auto, (max-width: 640px) 100vw, 640px\" \/><\/p>\n","protected":false},"excerpt":{"rendered":"<p>Nuevo Laredo, Tam (25-Noviembre-2025).-\u00a0El Gobierno Municipal, a trav\u00e9s de la Secretar\u00eda de Bienestar, llev\u00f3 la&#8230;<\/p>\n","protected":false},"author":1,"featured_media":189394,"comment_status":"closed","ping_status":"closed","sticky":false,"template":"","format":"standard","meta":{"footnotes":"","jetpack_publicize_message":"","jetpack_publicize_feature_enabled":true,"jetpack_social_post_already_shared":true,"jetpack_social_options":{"image_generator_settings":{"template":"highway","default_image_id":0,"font":"","enabled":false},"version":2}},"categories":[16],"tags":[],"class_list":["post-189392","post","type-post","status-publish","format-standard","has-post-thumbnail","hentry","category-nuevolaredo"],"jetpack_publicize_connections":[],"_links":{"self":[{"href":"https:\/\/www.buroperiodistico.com.mx\/index.php?rest_route=\/wp\/v2\/posts\/189392","targetHints":{"allow":["GET"]}}],"collection":[{"href":"https:\/\/www.buroperiodistico.com.mx\/index.php?rest_route=\/wp\/v2\/posts"}],"about":[{"href":"https:\/\/www.buroperiodistico.com.mx\/index.php?rest_route=\/wp\/v2\/types\/post"}],"author":[{"embeddable":true,"href":"https:\/\/www.buroperiodistico.com.mx\/index.php?rest_route=\/wp\/v2\/users\/1"}],"replies":[{"embeddable":true,"href":"https:\/\/www.buroperiodistico.com.mx\/index.php?rest_route=%2Fwp%2Fv2%2Fcomments&post=189392"}],"version-history":[{"count":0,"href":"https:\/\/www.buroperiodistico.com.mx\/index.php?rest_route=\/wp\/v2\/posts\/189392\/revisions"}],"wp:featuredmedia":[{"embeddable":true,"href":"https:\/\/www.buroperiodistico.com.mx\/index.php?rest_route=\/wp\/v2\/media\/189394"}],"wp:attachment":[{"href":"https:\/\/www.buroperiodistico.com.mx\/index.php?rest_route=%2Fwp%2Fv2%2Fmedia&parent=189392"}],"wp:term":[{"taxonomy":"category","embeddable":true,"href":"https:\/\/www.buroperiodistico.com.mx\/index.php?rest_route=%2Fwp%2Fv2%2Fcategories&post=189392"},{"taxonomy":"post_tag","embeddable":true,"href":"https:\/\/www.buroperiodistico.com.mx\/index.php?rest_route=%2Fwp%2Fv2%2Ftags&post=189392"}],"curies":[{"name":"wp","href":"https:\/\/api.w.org\/{rel}","templated":true}]}}