{"id":189388,"date":"2025-11-25T16:33:36","date_gmt":"2025-11-25T22:33:36","guid":{"rendered":"https:\/\/www.buroperiodistico.com.mx\/?p=189388"},"modified":"2025-11-25T16:33:36","modified_gmt":"2025-11-25T22:33:36","slug":"realiza-tu-examen-de-manejo-en-presidencia-cerquita-de-ti-este-jueves-en-la-colonia-buenavista","status":"publish","type":"post","link":"https:\/\/www.buroperiodistico.com.mx\/?p=189388","title":{"rendered":"REALIZA TU EXAMEN DE MANEJO EN PRESIDENCIA CERQUITA DE TI ESTE JUEVES EN LA COLONIA BUENAVISTA"},"content":{"rendered":"<p dir=\"ltr\"><em><strong><img loading=\"lazy\" decoding=\"async\" class=\" wp-image-189389 alignright\" src=\"https:\/\/www.buroperiodistico.com.mx\/wp-content\/uploads\/2025\/11\/PCT-PREVIO.jpg\" alt=\"\" width=\"557\" height=\"350\" srcset=\"https:\/\/www.buroperiodistico.com.mx\/wp-content\/uploads\/2025\/11\/PCT-PREVIO.jpg 1024w, https:\/\/www.buroperiodistico.com.mx\/wp-content\/uploads\/2025\/11\/PCT-PREVIO-300x189.jpg 300w, https:\/\/www.buroperiodistico.com.mx\/wp-content\/uploads\/2025\/11\/PCT-PREVIO-768x483.jpg 768w\" sizes=\"auto, (max-width: 557px) 100vw, 557px\" \/>Nuevo Laredo, Tam (25-Noviembre-2025).-<\/strong><\/em> El Gobierno Municipal de Nuevo Laredo invita a la ciudadan\u00eda a participar en la pr\u00f3xima jornada de Presidencia Cerquita de Ti, que se llevar\u00e1 a cabo este jueves 27 de noviembre de 2025, de 9:00 de la ma\u00f1ana a 2:00 de la tarde, en la plaza p\u00fablica \u201cMargarita Maza de Ju\u00e1rez\u201d, ubicada en la esquina de Francisco Javier Mina y General P. Anaya, en la colonia Buenavista.<\/p>\n<p dir=\"ltr\">En esta edici\u00f3n, las y los asistentes podr\u00e1n realizar su examen de manejo, uno de los tr\u00e1mites m\u00e1s solicitados por la comunidad. Adem\u00e1s, se ofrecer\u00e1 una amplia variedad de servicios de atenci\u00f3n ciudadana, salud y asistencia social.<\/p>\n<p dir=\"ltr\">Durante la jornada se brindar\u00e1n Audiencia Ciudadana, loter\u00eda, recepci\u00f3n de reportes, denuncias, asesor\u00edas legales y convenios. Tambi\u00e9n habr\u00e1 expedici\u00f3n de documentos oficiales, incorporaci\u00f3n a programas sociales, as\u00ed como inscripci\u00f3n a talleres culturales y deportivos.<\/p>\n<p dir=\"ltr\">A trav\u00e9s de las Brigadas de Salud, se ofrecer\u00e1n consultas general, dental, nutricional, psicol\u00f3gica, as\u00ed como atenci\u00f3n del Servicio Integral de la Mujer (SIM). Tambi\u00e9n se contar\u00e1 con servicio de corte de cabello para el p\u00fablico asistente.<\/p>\n<p dir=\"ltr\">El M\u00f3dulo del DIF Municipal atender\u00e1 tr\u00e1mites de tarjetas para personas con discapacidad, credencial nacional para pacientes con discapacidad, \u00e1rea jur\u00eddica, psicolog\u00eda, inscripci\u00f3n a medicina f\u00edsica y rehabilitaci\u00f3n CRI-DIF, trabajo social y estudios socioecon\u00f3micos.<\/p>\n<p dir=\"ltr\">Tambi\u00e9n estar\u00e1 presente el Colegio de Notarios de Nuevo Laredo, que brindar\u00e1 asesor\u00eda jur\u00eddica gratuita, as\u00ed como el m\u00f3dulo para el tr\u00e1mite de la tarjeta de descuentos \u201cJuntos Lo Hacemos Posible\u201d.<\/p>\n<p dir=\"ltr\">La comunidad podr\u00e1 acceder adem\u00e1s al registro y entrega de apoyo alimentario y a diversos tr\u00e1mites municipales sin necesidad de trasladarse a oficinas centrales.<\/p>\n<p dir=\"ltr\">Con estas acciones, el Gobierno Municipal contin\u00faa reforzando el acercamiento directo con las familias de Nuevo Laredo, facilitando servicios y apoyos que contribuyen a mejorar la calidad de vida en cada colonia.<\/p>\n<p dir=\"ltr\"><img loading=\"lazy\" decoding=\"async\" class=\"aligncenter size-full wp-image-189390\" src=\"https:\/\/www.buroperiodistico.com.mx\/wp-content\/uploads\/2025\/11\/PCT-PREVIO-I.jpg\" alt=\"\" width=\"640\" height=\"427\" srcset=\"https:\/\/www.buroperiodistico.com.mx\/wp-content\/uploads\/2025\/11\/PCT-PREVIO-I.jpg 640w, https:\/\/www.buroperiodistico.com.mx\/wp-content\/uploads\/2025\/11\/PCT-PREVIO-I-300x200.jpg 300w\" sizes=\"auto, (max-width: 640px) 100vw, 640px\" \/><\/p>\n","protected":false},"excerpt":{"rendered":"<p>Nuevo Laredo, Tam (25-Noviembre-2025).- El Gobierno Municipal de Nuevo Laredo invita a la ciudadan\u00eda a&#8230;<\/p>\n","protected":false},"author":1,"featured_media":189389,"comment_status":"closed","ping_status":"closed","sticky":false,"template":"","format":"standard","meta":{"footnotes":"","jetpack_publicize_message":"","jetpack_publicize_feature_enabled":true,"jetpack_social_post_already_shared":true,"jetpack_social_options":{"image_generator_settings":{"template":"highway","default_image_id":0,"font":"","enabled":false},"version":2}},"categories":[16],"tags":[],"class_list":["post-189388","post","type-post","status-publish","format-standard","has-post-thumbnail","hentry","category-nuevolaredo"],"jetpack_publicize_connections":[],"_links":{"self":[{"href":"https:\/\/www.buroperiodistico.com.mx\/index.php?rest_route=\/wp\/v2\/posts\/189388","targetHints":{"allow":["GET"]}}],"collection":[{"href":"https:\/\/www.buroperiodistico.com.mx\/index.php?rest_route=\/wp\/v2\/posts"}],"about":[{"href":"https:\/\/www.buroperiodistico.com.mx\/index.php?rest_route=\/wp\/v2\/types\/post"}],"author":[{"embeddable":true,"href":"https:\/\/www.buroperiodistico.com.mx\/index.php?rest_route=\/wp\/v2\/users\/1"}],"replies":[{"embeddable":true,"href":"https:\/\/www.buroperiodistico.com.mx\/index.php?rest_route=%2Fwp%2Fv2%2Fcomments&post=189388"}],"version-history":[{"count":0,"href":"https:\/\/www.buroperiodistico.com.mx\/index.php?rest_route=\/wp\/v2\/posts\/189388\/revisions"}],"wp:featuredmedia":[{"embeddable":true,"href":"https:\/\/www.buroperiodistico.com.mx\/index.php?rest_route=\/wp\/v2\/media\/189389"}],"wp:attachment":[{"href":"https:\/\/www.buroperiodistico.com.mx\/index.php?rest_route=%2Fwp%2Fv2%2Fmedia&parent=189388"}],"wp:term":[{"taxonomy":"category","embeddable":true,"href":"https:\/\/www.buroperiodistico.com.mx\/index.php?rest_route=%2Fwp%2Fv2%2Fcategories&post=189388"},{"taxonomy":"post_tag","embeddable":true,"href":"https:\/\/www.buroperiodistico.com.mx\/index.php?rest_route=%2Fwp%2Fv2%2Ftags&post=189388"}],"curies":[{"name":"wp","href":"https:\/\/api.w.org\/{rel}","templated":true}]}}