{"id":189360,"date":"2025-11-25T14:57:47","date_gmt":"2025-11-25T20:57:47","guid":{"rendered":"https:\/\/www.buroperiodistico.com.mx\/?p=189360"},"modified":"2025-11-25T14:57:47","modified_gmt":"2025-11-25T20:57:47","slug":"embellecen-y-dan-mantenimiento-reynosa-con-jornadas-nocturnas","status":"publish","type":"post","link":"https:\/\/www.buroperiodistico.com.mx\/?p=189360","title":{"rendered":"Embellecen y dan mantenimiento Reynosa con jornadas nocturnas"},"content":{"rendered":"<div><em><strong><img loading=\"lazy\" decoding=\"async\" class=\" wp-image-189366 alignright\" src=\"https:\/\/www.buroperiodistico.com.mx\/wp-content\/uploads\/2025\/11\/Pcx.jpeg\" alt=\"\" width=\"533\" height=\"361\" srcset=\"https:\/\/www.buroperiodistico.com.mx\/wp-content\/uploads\/2025\/11\/Pcx.jpeg 1024w, https:\/\/www.buroperiodistico.com.mx\/wp-content\/uploads\/2025\/11\/Pcx-300x203.jpeg 300w, https:\/\/www.buroperiodistico.com.mx\/wp-content\/uploads\/2025\/11\/Pcx-768x521.jpeg 768w\" sizes=\"auto, (max-width: 533px) 100vw, 533px\" \/>Reynosa, Tam (25-Noviembre-2025).-<\/strong><\/em> Con la finalidad de agilizar las actividades de limpieza y mantenimiento de la ciudad, el Presidente Municipal Carlos Pe\u00f1a Ortiz dio instrucciones a Servicios P\u00fablicos, a cumplir parte de su bit\u00e1cora de trabajo en horario nocturno.<\/div>\n<div><\/div>\n<div>De esta forma, las cuadrillas municipales ejecutaron en esta jornada:<\/div>\n<div><\/div>\n<div>\u2022 Limpieza de avenidas<\/div>\n<div>\u2022 Barrido<\/div>\n<div>\u2022 Lavado de cordones<\/div>\n<div>\u2022 Riego<\/div>\n<div>\u2022 Instalaci\u00f3n de se\u00f1alizaci\u00f3n<\/div>\n<div>\u2022 Instalaci\u00f3n de boyas<\/div>\n<div>\u2022 Trabajos de alumbrado<\/div>\n<div>\u2022 Instalaci\u00f3n de botes de basura<\/div>\n<div>\u2022 Mantenimiento de rejillas<\/div>\n<div><\/div>\n<div>Las acciones de los trabajadores del R. Ayuntamiento son realizadas con la debida se\u00f1alizaci\u00f3n f\u00edsica y abanderado para realizarlas con seguridad y protecci\u00f3n para los elementos del Gobierno Municipal de Reynosa.<\/div>\n<div><\/div>\n<div>#ReynosaImparable<\/div>\n<div>#GobiernoMunicipalDeReynosa<\/div>\n<div><\/div>\n<div><img loading=\"lazy\" decoding=\"async\" class=\"aligncenter size-full wp-image-189361\" src=\"https:\/\/www.buroperiodistico.com.mx\/wp-content\/uploads\/2025\/11\/Pcx-I.jpeg\" alt=\"\" width=\"640\" height=\"296\" srcset=\"https:\/\/www.buroperiodistico.com.mx\/wp-content\/uploads\/2025\/11\/Pcx-I.jpeg 640w, https:\/\/www.buroperiodistico.com.mx\/wp-content\/uploads\/2025\/11\/Pcx-I-300x139.jpeg 300w\" sizes=\"auto, (max-width: 640px) 100vw, 640px\" \/> <img loading=\"lazy\" decoding=\"async\" class=\"aligncenter size-full wp-image-189365\" src=\"https:\/\/www.buroperiodistico.com.mx\/wp-content\/uploads\/2025\/11\/Pcx-IIIII.jpeg\" alt=\"\" width=\"640\" height=\"360\" srcset=\"https:\/\/www.buroperiodistico.com.mx\/wp-content\/uploads\/2025\/11\/Pcx-IIIII.jpeg 640w, https:\/\/www.buroperiodistico.com.mx\/wp-content\/uploads\/2025\/11\/Pcx-IIIII-300x169.jpeg 300w\" sizes=\"auto, (max-width: 640px) 100vw, 640px\" \/> <img loading=\"lazy\" decoding=\"async\" class=\"aligncenter size-full wp-image-189364\" src=\"https:\/\/www.buroperiodistico.com.mx\/wp-content\/uploads\/2025\/11\/Pcx-IIII.jpeg\" alt=\"\" width=\"640\" height=\"480\" srcset=\"https:\/\/www.buroperiodistico.com.mx\/wp-content\/uploads\/2025\/11\/Pcx-IIII.jpeg 640w, https:\/\/www.buroperiodistico.com.mx\/wp-content\/uploads\/2025\/11\/Pcx-IIII-300x225.jpeg 300w\" sizes=\"auto, (max-width: 640px) 100vw, 640px\" \/> <img loading=\"lazy\" decoding=\"async\" class=\"aligncenter size-full wp-image-189363\" src=\"https:\/\/www.buroperiodistico.com.mx\/wp-content\/uploads\/2025\/11\/Pcx-III.jpeg\" alt=\"\" width=\"640\" height=\"480\" srcset=\"https:\/\/www.buroperiodistico.com.mx\/wp-content\/uploads\/2025\/11\/Pcx-III.jpeg 640w, https:\/\/www.buroperiodistico.com.mx\/wp-content\/uploads\/2025\/11\/Pcx-III-300x225.jpeg 300w\" sizes=\"auto, (max-width: 640px) 100vw, 640px\" \/> <img loading=\"lazy\" decoding=\"async\" class=\"aligncenter size-full wp-image-189362\" src=\"https:\/\/www.buroperiodistico.com.mx\/wp-content\/uploads\/2025\/11\/Pcx-II.jpeg\" alt=\"\" width=\"640\" height=\"360\" srcset=\"https:\/\/www.buroperiodistico.com.mx\/wp-content\/uploads\/2025\/11\/Pcx-II.jpeg 640w, https:\/\/www.buroperiodistico.com.mx\/wp-content\/uploads\/2025\/11\/Pcx-II-300x169.jpeg 300w\" sizes=\"auto, (max-width: 640px) 100vw, 640px\" \/><\/div>\n","protected":false},"excerpt":{"rendered":"<p>Reynosa, Tam (25-Noviembre-2025).- Con la finalidad de agilizar las actividades de limpieza y mantenimiento de&#8230;<\/p>\n","protected":false},"author":1,"featured_media":189366,"comment_status":"closed","ping_status":"closed","sticky":false,"template":"","format":"standard","meta":{"footnotes":"","jetpack_publicize_message":"","jetpack_publicize_feature_enabled":true,"jetpack_social_post_already_shared":true,"jetpack_social_options":{"image_generator_settings":{"template":"highway","default_image_id":0,"font":"","enabled":false},"version":2}},"categories":[9],"tags":[],"class_list":["post-189360","post","type-post","status-publish","format-standard","has-post-thumbnail","hentry","category-reynosa"],"jetpack_publicize_connections":[],"_links":{"self":[{"href":"https:\/\/www.buroperiodistico.com.mx\/index.php?rest_route=\/wp\/v2\/posts\/189360","targetHints":{"allow":["GET"]}}],"collection":[{"href":"https:\/\/www.buroperiodistico.com.mx\/index.php?rest_route=\/wp\/v2\/posts"}],"about":[{"href":"https:\/\/www.buroperiodistico.com.mx\/index.php?rest_route=\/wp\/v2\/types\/post"}],"author":[{"embeddable":true,"href":"https:\/\/www.buroperiodistico.com.mx\/index.php?rest_route=\/wp\/v2\/users\/1"}],"replies":[{"embeddable":true,"href":"https:\/\/www.buroperiodistico.com.mx\/index.php?rest_route=%2Fwp%2Fv2%2Fcomments&post=189360"}],"version-history":[{"count":0,"href":"https:\/\/www.buroperiodistico.com.mx\/index.php?rest_route=\/wp\/v2\/posts\/189360\/revisions"}],"wp:featuredmedia":[{"embeddable":true,"href":"https:\/\/www.buroperiodistico.com.mx\/index.php?rest_route=\/wp\/v2\/media\/189366"}],"wp:attachment":[{"href":"https:\/\/www.buroperiodistico.com.mx\/index.php?rest_route=%2Fwp%2Fv2%2Fmedia&parent=189360"}],"wp:term":[{"taxonomy":"category","embeddable":true,"href":"https:\/\/www.buroperiodistico.com.mx\/index.php?rest_route=%2Fwp%2Fv2%2Fcategories&post=189360"},{"taxonomy":"post_tag","embeddable":true,"href":"https:\/\/www.buroperiodistico.com.mx\/index.php?rest_route=%2Fwp%2Fv2%2Ftags&post=189360"}],"curies":[{"name":"wp","href":"https:\/\/api.w.org\/{rel}","templated":true}]}}