{"id":189349,"date":"2025-11-25T14:32:24","date_gmt":"2025-11-25T20:32:24","guid":{"rendered":"https:\/\/www.buroperiodistico.com.mx\/?p=189349"},"modified":"2025-11-25T14:32:24","modified_gmt":"2025-11-25T20:32:24","slug":"inicia-sspt-campana-de-vacunacion-para-personal-operativo-y-administrativo","status":"publish","type":"post","link":"https:\/\/www.buroperiodistico.com.mx\/?p=189349","title":{"rendered":"Inicia SSPT campa\u00f1a de vacunaci\u00f3n para personal operativo y administrativo"},"content":{"rendered":"<ul>\n<li><strong><em>A trav\u00e9s de la prevenci\u00f3n y el exhorto a evitar la automedicaci\u00f3n, se previenen contagios de enfermedades respiratorias estacionales<\/em><\/strong><\/li>\n<\/ul>\n<p><strong><img loading=\"lazy\" decoding=\"async\" class=\" wp-image-189353 alignright\" src=\"https:\/\/www.buroperiodistico.com.mx\/wp-content\/uploads\/2025\/11\/SSPadministrativo.jpeg\" alt=\"\" width=\"580\" height=\"361\" srcset=\"https:\/\/www.buroperiodistico.com.mx\/wp-content\/uploads\/2025\/11\/SSPadministrativo.jpeg 1024w, https:\/\/www.buroperiodistico.com.mx\/wp-content\/uploads\/2025\/11\/SSPadministrativo-300x187.jpeg 300w, https:\/\/www.buroperiodistico.com.mx\/wp-content\/uploads\/2025\/11\/SSPadministrativo-768x478.jpeg 768w\" sizes=\"auto, (max-width: 580px) 100vw, 580px\" \/>Ciudad Victoria, Tamaulipas (25-Noviembre-2025).-<\/strong> Con la finalidad de garantizar a su personal operativo y administrativo el derecho a la salud sin interferir en su horario laboral, la Secretar\u00eda de Seguridad P\u00fablica de Tamaulipas (SSPT) en coordinaci\u00f3n con el Instituto de Seguridad y Servicios Sociales de los Trabajadores del Estado (ISSSTE) iniciaron una campa\u00f1a de vacunaci\u00f3n dirigida a personal operativo y administrativo de esta dependencia estatal.<\/p>\n<p>El personal interesado puede acudir al \u00c1rea M\u00e9dica del Complejo Estatal de Seguridad P\u00fablica para vacunarse contra la influenza, sarampi\u00f3n, rub\u00e9ola, t\u00e9tanos, hepatitis B y neumococo, presentando su cartilla o su identificaci\u00f3n oficial del Instituto Nacional Electoral (INE).<\/p>\n<p>En esta campa\u00f1a, se cuenta con una disponibilidad de aproximadamente 250 dosis para COVID, influenza y neumococo, y entre 80 y 100 del resto.<\/p>\n<p>La jefa del Departamento de Salud de la SSPT, Martha Calder\u00f3n Gonz\u00e1lez hizo un llamado a la prevenci\u00f3n de enfermedades estacionales previo al inicio de la temporada invernal.<\/p>\n<p>\u201cPara evitar las complicaciones, para evitar neumon\u00edas, es importante que acudan a aplicarse todas sus vacunas para prevenir; adem\u00e1s de todas las dem\u00e1s medidas que manejamos aqu\u00ed en la instituci\u00f3n, como el uso de cubrebocas, la aplicaci\u00f3n de gel, la sana distancia que, a ra\u00edz de la pandemia, nos quedamos con esta cultura de prevenci\u00f3n\u201d, declar\u00f3.<\/p>\n<p>Asimismo, enfatiz\u00f3 el exhorto a evitar la automedicaci\u00f3n ante s\u00edntomas de alguna enfermedad respiratoria, y en estos casos, o de alguna otra situaci\u00f3n de salud, acudir al servicio de consulta gratuita que esta dependencia pone a disposici\u00f3n de su personal.<\/p>\n<p><img loading=\"lazy\" decoding=\"async\" class=\"aligncenter size-full wp-image-189350\" src=\"https:\/\/www.buroperiodistico.com.mx\/wp-content\/uploads\/2025\/11\/SSPadministrativo-I.jpeg\" alt=\"\" width=\"640\" height=\"426\" srcset=\"https:\/\/www.buroperiodistico.com.mx\/wp-content\/uploads\/2025\/11\/SSPadministrativo-I.jpeg 640w, https:\/\/www.buroperiodistico.com.mx\/wp-content\/uploads\/2025\/11\/SSPadministrativo-I-300x200.jpeg 300w\" sizes=\"auto, (max-width: 640px) 100vw, 640px\" \/> <img loading=\"lazy\" decoding=\"async\" class=\"aligncenter size-full wp-image-189352\" src=\"https:\/\/www.buroperiodistico.com.mx\/wp-content\/uploads\/2025\/11\/SSPadministrativo-III.jpeg\" alt=\"\" width=\"640\" height=\"426\" srcset=\"https:\/\/www.buroperiodistico.com.mx\/wp-content\/uploads\/2025\/11\/SSPadministrativo-III.jpeg 640w, https:\/\/www.buroperiodistico.com.mx\/wp-content\/uploads\/2025\/11\/SSPadministrativo-III-300x200.jpeg 300w\" sizes=\"auto, (max-width: 640px) 100vw, 640px\" \/> <img loading=\"lazy\" decoding=\"async\" class=\"aligncenter size-full wp-image-189351\" src=\"https:\/\/www.buroperiodistico.com.mx\/wp-content\/uploads\/2025\/11\/SSPadministrativo-II.jpeg\" alt=\"\" width=\"640\" height=\"426\" srcset=\"https:\/\/www.buroperiodistico.com.mx\/wp-content\/uploads\/2025\/11\/SSPadministrativo-II.jpeg 640w, https:\/\/www.buroperiodistico.com.mx\/wp-content\/uploads\/2025\/11\/SSPadministrativo-II-300x200.jpeg 300w\" sizes=\"auto, (max-width: 640px) 100vw, 640px\" \/><\/p>\n","protected":false},"excerpt":{"rendered":"<p>A trav\u00e9s de la prevenci\u00f3n y el exhorto a evitar la automedicaci\u00f3n, se previenen contagios&#8230;<\/p>\n","protected":false},"author":1,"featured_media":189353,"comment_status":"closed","ping_status":"closed","sticky":false,"template":"","format":"standard","meta":{"footnotes":"","jetpack_publicize_message":"","jetpack_publicize_feature_enabled":true,"jetpack_social_post_already_shared":true,"jetpack_social_options":{"image_generator_settings":{"template":"highway","default_image_id":0,"font":"","enabled":false},"version":2}},"categories":[10],"tags":[],"class_list":["post-189349","post","type-post","status-publish","format-standard","has-post-thumbnail","hentry","category-tamaulipas"],"jetpack_publicize_connections":[],"_links":{"self":[{"href":"https:\/\/www.buroperiodistico.com.mx\/index.php?rest_route=\/wp\/v2\/posts\/189349","targetHints":{"allow":["GET"]}}],"collection":[{"href":"https:\/\/www.buroperiodistico.com.mx\/index.php?rest_route=\/wp\/v2\/posts"}],"about":[{"href":"https:\/\/www.buroperiodistico.com.mx\/index.php?rest_route=\/wp\/v2\/types\/post"}],"author":[{"embeddable":true,"href":"https:\/\/www.buroperiodistico.com.mx\/index.php?rest_route=\/wp\/v2\/users\/1"}],"replies":[{"embeddable":true,"href":"https:\/\/www.buroperiodistico.com.mx\/index.php?rest_route=%2Fwp%2Fv2%2Fcomments&post=189349"}],"version-history":[{"count":0,"href":"https:\/\/www.buroperiodistico.com.mx\/index.php?rest_route=\/wp\/v2\/posts\/189349\/revisions"}],"wp:featuredmedia":[{"embeddable":true,"href":"https:\/\/www.buroperiodistico.com.mx\/index.php?rest_route=\/wp\/v2\/media\/189353"}],"wp:attachment":[{"href":"https:\/\/www.buroperiodistico.com.mx\/index.php?rest_route=%2Fwp%2Fv2%2Fmedia&parent=189349"}],"wp:term":[{"taxonomy":"category","embeddable":true,"href":"https:\/\/www.buroperiodistico.com.mx\/index.php?rest_route=%2Fwp%2Fv2%2Fcategories&post=189349"},{"taxonomy":"post_tag","embeddable":true,"href":"https:\/\/www.buroperiodistico.com.mx\/index.php?rest_route=%2Fwp%2Fv2%2Ftags&post=189349"}],"curies":[{"name":"wp","href":"https:\/\/api.w.org\/{rel}","templated":true}]}}