{"id":189342,"date":"2025-11-25T14:18:59","date_gmt":"2025-11-25T20:18:59","guid":{"rendered":"https:\/\/www.buroperiodistico.com.mx\/?p=189342"},"modified":"2025-11-25T14:18:59","modified_gmt":"2025-11-25T20:18:59","slug":"intercambian-tamaulipas-y-nuevo-leon-experiencias-para-fortalecer-la-defensa-publica","status":"publish","type":"post","link":"https:\/\/www.buroperiodistico.com.mx\/?p=189342","title":{"rendered":"Intercambian Tamaulipas y Nuevo Le\u00f3n experiencias para fortalecer la defensa p\u00fablica"},"content":{"rendered":"<p><em><strong><img loading=\"lazy\" decoding=\"async\" class=\" wp-image-189347 alignright\" src=\"https:\/\/www.buroperiodistico.com.mx\/wp-content\/uploads\/2025\/11\/SGGpublica-1.jpeg\" alt=\"\" width=\"538\" height=\"345\" srcset=\"https:\/\/www.buroperiodistico.com.mx\/wp-content\/uploads\/2025\/11\/SGGpublica-1.jpeg 1024w, https:\/\/www.buroperiodistico.com.mx\/wp-content\/uploads\/2025\/11\/SGGpublica-1-300x192.jpeg 300w, https:\/\/www.buroperiodistico.com.mx\/wp-content\/uploads\/2025\/11\/SGGpublica-1-768x492.jpeg 768w\" sizes=\"auto, (max-width: 538px) 100vw, 538px\" \/>Monterrey, Nuevo Le\u00f3n (25-Noviembre-2025).-<\/strong><\/em> Reforzando los lazos institucionales, Roxana Guerrero Galv\u00e1n, directora general del Instituto de Defensor\u00eda P\u00fablica de Tamaulipas, llev\u00f3 a cabo una reuni\u00f3n interestatal en Nuevo Le\u00f3n junto a C\u00e9sar \u00c1valos Gonz\u00e1lez, director de Defensor\u00eda P\u00fablica, y Julieta Mart\u00ednez Trejo, directora del \u00c1rea de Asesor\u00edas.<\/p>\n<p>El encuentro tuvo como finalidad intercambiar experiencias sobre los modelos de trabajo de ambas instituciones, fortalecer la coordinaci\u00f3n entre entidades vecinas y avanzar en las acciones encaminadas hacia la pr\u00f3xima firma de un convenio de colaboraci\u00f3n interestatal, que permitir\u00e1 robustecer la atenci\u00f3n jur\u00eddica a personas en situaci\u00f3n de vulnerabilidad.<\/p>\n<p>Durante la reuni\u00f3n, Guerrero Galv\u00e1n subray\u00f3 la importancia de la cooperaci\u00f3n interinstitucional para mejorar los servicios p\u00fablicos de defensa jur\u00eddica.<\/p>\n<p>\u201cEstas mesas de trabajo nos permiten crecer, compartir experiencias y avanzar hacia una justicia verdaderamente humana. Cuando unimos esfuerzos entre Estados, quienes m\u00e1s ganan son las personas que necesitan acompa\u00f1amiento y defensa.<\/p>\n<p>Este tipo de coordinaci\u00f3n refleja el compromiso de nuestro gobernador Am\u00e9rico Villarreal Anaya, de impulsar un servicio p\u00fablico m\u00e1s sensible, m\u00e1s profesional y m\u00e1s cercano a la ciudadan\u00eda\u201d, destac\u00f3 Guerrero Galv\u00e1n.<\/p>\n<p>El Instituto de Defensor\u00eda P\u00fablica de Tamaulipas agradeci\u00f3 la disposici\u00f3n y hospitalidad de Carlos Manuel Cuevas Mart\u00ednez, director general del Instituto de Defensor\u00eda P\u00fablica de Nuevo Le\u00f3n (IDPNL), as\u00ed como de su equipo de trabajo: Rosario Carolina Gonz\u00e1lez G\u00f3mez, subdirectora general del IDPNL, y Rosalinda Lozano Villarreal, directora administrativa del IDPNL.<\/p>\n<p>Durante la visita, se realiz\u00f3 un recorrido por las instalaciones del IDPNL y se compartieron estrategias y buenas pr\u00e1cticas que han permitido fortalecer la atenci\u00f3n jur\u00eddica en aquella entidad, consolidando as\u00ed un intercambio que contribuir\u00e1 al mejoramiento continuo de los servicios en ambos estados.<\/p>\n<p><img loading=\"lazy\" decoding=\"async\" class=\"aligncenter size-full wp-image-189343\" src=\"https:\/\/www.buroperiodistico.com.mx\/wp-content\/uploads\/2025\/11\/SGGpublica-I-1.jpeg\" alt=\"\" width=\"640\" height=\"427\" srcset=\"https:\/\/www.buroperiodistico.com.mx\/wp-content\/uploads\/2025\/11\/SGGpublica-I-1.jpeg 640w, https:\/\/www.buroperiodistico.com.mx\/wp-content\/uploads\/2025\/11\/SGGpublica-I-1-300x200.jpeg 300w\" sizes=\"auto, (max-width: 640px) 100vw, 640px\" \/> <img loading=\"lazy\" decoding=\"async\" class=\"aligncenter size-full wp-image-189346\" src=\"https:\/\/www.buroperiodistico.com.mx\/wp-content\/uploads\/2025\/11\/SGGpublica-IIII.jpeg\" alt=\"\" width=\"640\" height=\"427\" srcset=\"https:\/\/www.buroperiodistico.com.mx\/wp-content\/uploads\/2025\/11\/SGGpublica-IIII.jpeg 640w, https:\/\/www.buroperiodistico.com.mx\/wp-content\/uploads\/2025\/11\/SGGpublica-IIII-300x200.jpeg 300w\" sizes=\"auto, (max-width: 640px) 100vw, 640px\" \/> <img loading=\"lazy\" decoding=\"async\" class=\"aligncenter size-full wp-image-189345\" src=\"https:\/\/www.buroperiodistico.com.mx\/wp-content\/uploads\/2025\/11\/SGGpublica-III.jpeg\" alt=\"\" width=\"640\" height=\"427\" srcset=\"https:\/\/www.buroperiodistico.com.mx\/wp-content\/uploads\/2025\/11\/SGGpublica-III.jpeg 640w, https:\/\/www.buroperiodistico.com.mx\/wp-content\/uploads\/2025\/11\/SGGpublica-III-300x200.jpeg 300w\" sizes=\"auto, (max-width: 640px) 100vw, 640px\" \/> <img loading=\"lazy\" decoding=\"async\" class=\"aligncenter size-full wp-image-189344\" src=\"https:\/\/www.buroperiodistico.com.mx\/wp-content\/uploads\/2025\/11\/SGGpublica-II.jpeg\" alt=\"\" width=\"640\" height=\"427\" srcset=\"https:\/\/www.buroperiodistico.com.mx\/wp-content\/uploads\/2025\/11\/SGGpublica-II.jpeg 640w, https:\/\/www.buroperiodistico.com.mx\/wp-content\/uploads\/2025\/11\/SGGpublica-II-300x200.jpeg 300w\" sizes=\"auto, (max-width: 640px) 100vw, 640px\" \/><\/p>\n","protected":false},"excerpt":{"rendered":"<p>Monterrey, Nuevo Le\u00f3n (25-Noviembre-2025).- Reforzando los lazos institucionales, Roxana Guerrero Galv\u00e1n, directora general del Instituto&#8230;<\/p>\n","protected":false},"author":1,"featured_media":189347,"comment_status":"closed","ping_status":"closed","sticky":false,"template":"","format":"standard","meta":{"footnotes":"","jetpack_publicize_message":"","jetpack_publicize_feature_enabled":true,"jetpack_social_post_already_shared":true,"jetpack_social_options":{"image_generator_settings":{"template":"highway","default_image_id":0,"font":"","enabled":false},"version":2}},"categories":[10],"tags":[],"class_list":["post-189342","post","type-post","status-publish","format-standard","has-post-thumbnail","hentry","category-tamaulipas"],"jetpack_publicize_connections":[],"_links":{"self":[{"href":"https:\/\/www.buroperiodistico.com.mx\/index.php?rest_route=\/wp\/v2\/posts\/189342","targetHints":{"allow":["GET"]}}],"collection":[{"href":"https:\/\/www.buroperiodistico.com.mx\/index.php?rest_route=\/wp\/v2\/posts"}],"about":[{"href":"https:\/\/www.buroperiodistico.com.mx\/index.php?rest_route=\/wp\/v2\/types\/post"}],"author":[{"embeddable":true,"href":"https:\/\/www.buroperiodistico.com.mx\/index.php?rest_route=\/wp\/v2\/users\/1"}],"replies":[{"embeddable":true,"href":"https:\/\/www.buroperiodistico.com.mx\/index.php?rest_route=%2Fwp%2Fv2%2Fcomments&post=189342"}],"version-history":[{"count":0,"href":"https:\/\/www.buroperiodistico.com.mx\/index.php?rest_route=\/wp\/v2\/posts\/189342\/revisions"}],"wp:featuredmedia":[{"embeddable":true,"href":"https:\/\/www.buroperiodistico.com.mx\/index.php?rest_route=\/wp\/v2\/media\/189347"}],"wp:attachment":[{"href":"https:\/\/www.buroperiodistico.com.mx\/index.php?rest_route=%2Fwp%2Fv2%2Fmedia&parent=189342"}],"wp:term":[{"taxonomy":"category","embeddable":true,"href":"https:\/\/www.buroperiodistico.com.mx\/index.php?rest_route=%2Fwp%2Fv2%2Fcategories&post=189342"},{"taxonomy":"post_tag","embeddable":true,"href":"https:\/\/www.buroperiodistico.com.mx\/index.php?rest_route=%2Fwp%2Fv2%2Ftags&post=189342"}],"curies":[{"name":"wp","href":"https:\/\/api.w.org\/{rel}","templated":true}]}}