{"id":189330,"date":"2025-11-25T14:03:46","date_gmt":"2025-11-25T20:03:46","guid":{"rendered":"https:\/\/www.buroperiodistico.com.mx\/?p=189330"},"modified":"2025-11-25T14:03:46","modified_gmt":"2025-11-25T20:03:46","slug":"firma-tamaulipas-carta-de-colaboracion-con-las-agencias-de-energia-del-norte","status":"publish","type":"post","link":"https:\/\/www.buroperiodistico.com.mx\/?p=189330","title":{"rendered":"Firma Tamaulipas carta de colaboraci\u00f3n con las Agencias de Energ\u00eda del Norte"},"content":{"rendered":"<p><em><strong><img loading=\"lazy\" decoding=\"async\" class=\" wp-image-189333 alignright\" src=\"https:\/\/www.buroperiodistico.com.mx\/wp-content\/uploads\/2025\/11\/SDENorte.jpeg\" alt=\"\" width=\"542\" height=\"331\" srcset=\"https:\/\/www.buroperiodistico.com.mx\/wp-content\/uploads\/2025\/11\/SDENorte.jpeg 1024w, https:\/\/www.buroperiodistico.com.mx\/wp-content\/uploads\/2025\/11\/SDENorte-300x183.jpeg 300w, https:\/\/www.buroperiodistico.com.mx\/wp-content\/uploads\/2025\/11\/SDENorte-768x469.jpeg 768w\" sizes=\"auto, (max-width: 542px) 100vw, 542px\" \/>Tampico, Tamaulipas (25-Noviembre-2025).-<\/strong><\/em> Dentro del Congreso Internacional de Energ\u00eda Tamaulipas 2025, el secretario Walter Juli\u00e1n \u00c1ngel Jim\u00e9nez firm\u00f3 una carta de colaboraci\u00f3n con las Agencias del Norte del pa\u00eds para trabajar en conjunto e impulsar el desarrollo energ\u00e9tico del M\u00e9xico.<\/p>\n<p>En presencia del gobernador Am\u00e9rico Villarreal, y ante las autoridades federales, estatales y municipales, los estados de Tamaulipas, Baja California, Sonora, Nuevo Le\u00f3n y Chihuahua realizaron esta firma para poder ayudar a la Federaci\u00f3n en los mecanismos de operaci\u00f3n y planeaci\u00f3n que nos lleve a tener un sistema energ\u00e9tico m\u00e1s fuerte y m\u00e1s resiliente.<\/p>\n<p>El secretario \u00c1ngel Jim\u00e9nez se\u00f1al\u00f3 que esta carta permitir\u00e1 trabajar en conjunto y sostenido, pensando que el sistema energ\u00e9tico es uno solo, y ayudar a la federaci\u00f3n.<\/p>\n<p>\u201cEst\u00e1n aqu\u00ed los compa\u00f1eros de las secretar\u00edas y agencias del norte del pa\u00eds, porque somos los estados con mayor intensidad energ\u00e9tica, desde baja california hasta Tamaulipas y tenemos mucha comunidad de c\u00f3mo estamos creciendo y como estamos desarrollando y transformando al sistema para poder ayudar a la Federaci\u00f3n en los mecanismos de operaci\u00f3n y planeaci\u00f3n que nos lleve a tener un sistema energ\u00e9tico m\u00e1s fuerte y m\u00e1s resiliente\u201d, puntualiz\u00f3.<\/p>\n<p><img loading=\"lazy\" decoding=\"async\" class=\"aligncenter size-full wp-image-189331\" src=\"https:\/\/www.buroperiodistico.com.mx\/wp-content\/uploads\/2025\/11\/SDENorte-I.jpeg\" alt=\"\" width=\"640\" height=\"427\" srcset=\"https:\/\/www.buroperiodistico.com.mx\/wp-content\/uploads\/2025\/11\/SDENorte-I.jpeg 640w, https:\/\/www.buroperiodistico.com.mx\/wp-content\/uploads\/2025\/11\/SDENorte-I-300x200.jpeg 300w\" sizes=\"auto, (max-width: 640px) 100vw, 640px\" \/> <img loading=\"lazy\" decoding=\"async\" class=\"aligncenter size-full wp-image-189332\" src=\"https:\/\/www.buroperiodistico.com.mx\/wp-content\/uploads\/2025\/11\/SDENorte-II.jpeg\" alt=\"\" width=\"640\" height=\"427\" srcset=\"https:\/\/www.buroperiodistico.com.mx\/wp-content\/uploads\/2025\/11\/SDENorte-II.jpeg 640w, https:\/\/www.buroperiodistico.com.mx\/wp-content\/uploads\/2025\/11\/SDENorte-II-300x200.jpeg 300w\" sizes=\"auto, (max-width: 640px) 100vw, 640px\" \/><\/p>\n","protected":false},"excerpt":{"rendered":"<p>Tampico, Tamaulipas (25-Noviembre-2025).- Dentro del Congreso Internacional de Energ\u00eda Tamaulipas 2025, el secretario Walter Juli\u00e1n&#8230;<\/p>\n","protected":false},"author":1,"featured_media":189333,"comment_status":"closed","ping_status":"closed","sticky":false,"template":"","format":"standard","meta":{"footnotes":"","jetpack_publicize_message":"","jetpack_publicize_feature_enabled":true,"jetpack_social_post_already_shared":true,"jetpack_social_options":{"image_generator_settings":{"template":"highway","default_image_id":0,"font":"","enabled":false},"version":2}},"categories":[10],"tags":[],"class_list":["post-189330","post","type-post","status-publish","format-standard","has-post-thumbnail","hentry","category-tamaulipas"],"jetpack_publicize_connections":[],"_links":{"self":[{"href":"https:\/\/www.buroperiodistico.com.mx\/index.php?rest_route=\/wp\/v2\/posts\/189330","targetHints":{"allow":["GET"]}}],"collection":[{"href":"https:\/\/www.buroperiodistico.com.mx\/index.php?rest_route=\/wp\/v2\/posts"}],"about":[{"href":"https:\/\/www.buroperiodistico.com.mx\/index.php?rest_route=\/wp\/v2\/types\/post"}],"author":[{"embeddable":true,"href":"https:\/\/www.buroperiodistico.com.mx\/index.php?rest_route=\/wp\/v2\/users\/1"}],"replies":[{"embeddable":true,"href":"https:\/\/www.buroperiodistico.com.mx\/index.php?rest_route=%2Fwp%2Fv2%2Fcomments&post=189330"}],"version-history":[{"count":0,"href":"https:\/\/www.buroperiodistico.com.mx\/index.php?rest_route=\/wp\/v2\/posts\/189330\/revisions"}],"wp:featuredmedia":[{"embeddable":true,"href":"https:\/\/www.buroperiodistico.com.mx\/index.php?rest_route=\/wp\/v2\/media\/189333"}],"wp:attachment":[{"href":"https:\/\/www.buroperiodistico.com.mx\/index.php?rest_route=%2Fwp%2Fv2%2Fmedia&parent=189330"}],"wp:term":[{"taxonomy":"category","embeddable":true,"href":"https:\/\/www.buroperiodistico.com.mx\/index.php?rest_route=%2Fwp%2Fv2%2Fcategories&post=189330"},{"taxonomy":"post_tag","embeddable":true,"href":"https:\/\/www.buroperiodistico.com.mx\/index.php?rest_route=%2Fwp%2Fv2%2Ftags&post=189330"}],"curies":[{"name":"wp","href":"https:\/\/api.w.org\/{rel}","templated":true}]}}