{"id":189301,"date":"2025-11-25T13:23:32","date_gmt":"2025-11-25T19:23:32","guid":{"rendered":"https:\/\/www.buroperiodistico.com.mx\/?p=189301"},"modified":"2025-11-25T13:23:32","modified_gmt":"2025-11-25T19:23:32","slug":"refrenda-tamaulipas-compromiso-nacional-para-proteger-a-las-mujeres","status":"publish","type":"post","link":"https:\/\/www.buroperiodistico.com.mx\/?p=189301","title":{"rendered":"Refrenda Tamaulipas compromiso nacional para proteger a las mujeres"},"content":{"rendered":"<p><em><strong><img loading=\"lazy\" decoding=\"async\" class=\" wp-image-189304 alignright\" src=\"https:\/\/www.buroperiodistico.com.mx\/wp-content\/uploads\/2025\/11\/RefrendaTamaulipas.jpeg\" alt=\"\" width=\"463\" height=\"295\" srcset=\"https:\/\/www.buroperiodistico.com.mx\/wp-content\/uploads\/2025\/11\/RefrendaTamaulipas.jpeg 1024w, https:\/\/www.buroperiodistico.com.mx\/wp-content\/uploads\/2025\/11\/RefrendaTamaulipas-300x191.jpeg 300w, https:\/\/www.buroperiodistico.com.mx\/wp-content\/uploads\/2025\/11\/RefrendaTamaulipas-768x490.jpeg 768w\" sizes=\"auto, (max-width: 463px) 100vw, 463px\" \/>Ciudad Victoria, Tamaulipas (25-Noviembre-2025).-<\/strong><\/em> Durante un enlace virtual con la Conferencia del Pueblo encabezada por la presidenta Claudia Sheinbaum Pardo, el gobernador Am\u00e9rico Villarreal Anaya reiter\u00f3 su disposici\u00f3n de trabajar diariamente, comprometido con la vida, la tranquilidad y la felicidad de las mujeres. \u00abAqu\u00ed estamos puestos, presidenta\u00bb, expres\u00f3.<\/p>\n<p>En el marco del D\u00eda Internacional de la Eliminaci\u00f3n de la Violencia contra las Mujeres, y acompa\u00f1ado por Marcia Benavides Villafranca, directora general del Instituto de las Mujeres en Tamaulipas, as\u00ed como por la diputada Lucero Deosdady Mart\u00ednez L\u00f3pez, presidenta de la Comisi\u00f3n de Igualdad de G\u00e9nero y de la Diversidad del Congreso, Villarreal Anaya destac\u00f3 el compromiso de los tres Poderes del Estado con esta iniciativa nacional.<\/p>\n<p>\u00abDecirle presidenta que trabajamos d\u00eda con d\u00eda desde los tres poderes del Estado, adheridos a sus compromisos nacionales para la vida, la tranquilidad y la felicidad bajo los principios de equidad, e igualdad, que se implementan en todos los \u00e1mbitos de nuestro desarrollo social\u00bb, mencion\u00f3.<\/p>\n<p>Como parte de los acuerdos realizados por las y los gobernadores del pa\u00eds, impulsados por la presidenta Claudia Sheinbaum, se estableci\u00f3 fortalecer la defensa de las mujeres, mediante la homologaci\u00f3n de leyes en los congresos locales.<\/p>\n<p><img loading=\"lazy\" decoding=\"async\" class=\"aligncenter size-full wp-image-189302\" src=\"https:\/\/www.buroperiodistico.com.mx\/wp-content\/uploads\/2025\/11\/RefrendaTamaulipas-I.jpeg\" alt=\"\" width=\"640\" height=\"427\" srcset=\"https:\/\/www.buroperiodistico.com.mx\/wp-content\/uploads\/2025\/11\/RefrendaTamaulipas-I.jpeg 640w, https:\/\/www.buroperiodistico.com.mx\/wp-content\/uploads\/2025\/11\/RefrendaTamaulipas-I-300x200.jpeg 300w\" sizes=\"auto, (max-width: 640px) 100vw, 640px\" \/> <img loading=\"lazy\" decoding=\"async\" class=\"aligncenter size-full wp-image-189303\" src=\"https:\/\/www.buroperiodistico.com.mx\/wp-content\/uploads\/2025\/11\/RefrendaTamaulipas-II.jpeg\" alt=\"\" width=\"640\" height=\"427\" srcset=\"https:\/\/www.buroperiodistico.com.mx\/wp-content\/uploads\/2025\/11\/RefrendaTamaulipas-II.jpeg 640w, https:\/\/www.buroperiodistico.com.mx\/wp-content\/uploads\/2025\/11\/RefrendaTamaulipas-II-300x200.jpeg 300w\" sizes=\"auto, (max-width: 640px) 100vw, 640px\" \/><\/p>\n","protected":false},"excerpt":{"rendered":"<p>Ciudad Victoria, Tamaulipas (25-Noviembre-2025).- Durante un enlace virtual con la Conferencia del Pueblo encabezada por&#8230;<\/p>\n","protected":false},"author":1,"featured_media":189304,"comment_status":"closed","ping_status":"closed","sticky":false,"template":"","format":"standard","meta":{"footnotes":"","jetpack_publicize_message":"","jetpack_publicize_feature_enabled":true,"jetpack_social_post_already_shared":true,"jetpack_social_options":{"image_generator_settings":{"template":"highway","default_image_id":0,"font":"","enabled":false},"version":2}},"categories":[25,10],"tags":[],"class_list":["post-189301","post","type-post","status-publish","format-standard","has-post-thumbnail","hentry","category-portada","category-tamaulipas"],"jetpack_publicize_connections":[],"_links":{"self":[{"href":"https:\/\/www.buroperiodistico.com.mx\/index.php?rest_route=\/wp\/v2\/posts\/189301","targetHints":{"allow":["GET"]}}],"collection":[{"href":"https:\/\/www.buroperiodistico.com.mx\/index.php?rest_route=\/wp\/v2\/posts"}],"about":[{"href":"https:\/\/www.buroperiodistico.com.mx\/index.php?rest_route=\/wp\/v2\/types\/post"}],"author":[{"embeddable":true,"href":"https:\/\/www.buroperiodistico.com.mx\/index.php?rest_route=\/wp\/v2\/users\/1"}],"replies":[{"embeddable":true,"href":"https:\/\/www.buroperiodistico.com.mx\/index.php?rest_route=%2Fwp%2Fv2%2Fcomments&post=189301"}],"version-history":[{"count":0,"href":"https:\/\/www.buroperiodistico.com.mx\/index.php?rest_route=\/wp\/v2\/posts\/189301\/revisions"}],"wp:featuredmedia":[{"embeddable":true,"href":"https:\/\/www.buroperiodistico.com.mx\/index.php?rest_route=\/wp\/v2\/media\/189304"}],"wp:attachment":[{"href":"https:\/\/www.buroperiodistico.com.mx\/index.php?rest_route=%2Fwp%2Fv2%2Fmedia&parent=189301"}],"wp:term":[{"taxonomy":"category","embeddable":true,"href":"https:\/\/www.buroperiodistico.com.mx\/index.php?rest_route=%2Fwp%2Fv2%2Fcategories&post=189301"},{"taxonomy":"post_tag","embeddable":true,"href":"https:\/\/www.buroperiodistico.com.mx\/index.php?rest_route=%2Fwp%2Fv2%2Ftags&post=189301"}],"curies":[{"name":"wp","href":"https:\/\/api.w.org\/{rel}","templated":true}]}}