{"id":189295,"date":"2025-11-25T13:18:08","date_gmt":"2025-11-25T19:18:08","guid":{"rendered":"https:\/\/www.buroperiodistico.com.mx\/?p=189295"},"modified":"2025-11-25T13:18:08","modified_gmt":"2025-11-25T19:18:08","slug":"participa-guardia-estatal-de-genero-en-jornada-interinstitucional-para-prevenir-la-violencia-en-entornos-escolares","status":"publish","type":"post","link":"https:\/\/www.buroperiodistico.com.mx\/?p=189295","title":{"rendered":"Participa Guardia Estatal de G\u00e9nero en jornada interinstitucional para prevenir la violencia en entornos escolares"},"content":{"rendered":"<p><em><strong><img loading=\"lazy\" decoding=\"async\" class=\" wp-image-189299 alignright\" src=\"https:\/\/www.buroperiodistico.com.mx\/wp-content\/uploads\/2025\/11\/SSPescolares.jpeg\" alt=\"\" width=\"535\" height=\"356\" srcset=\"https:\/\/www.buroperiodistico.com.mx\/wp-content\/uploads\/2025\/11\/SSPescolares.jpeg 1024w, https:\/\/www.buroperiodistico.com.mx\/wp-content\/uploads\/2025\/11\/SSPescolares-300x200.jpeg 300w, https:\/\/www.buroperiodistico.com.mx\/wp-content\/uploads\/2025\/11\/SSPescolares-768x511.jpeg 768w\" sizes=\"auto, (max-width: 535px) 100vw, 535px\" \/>Ciudad Victoria, Tamaulipas (25-Noviembre-2025).-<\/strong><\/em> Bajo un enfoque multidisciplinario, estudiantes de primaria en Ciudad Victoria recibieron informaci\u00f3n sobre c\u00f3mo prevenir la violencia en el entorno escolar a trav\u00e9s de diferentes jornadas en las que participaron diversas dependencias del Gobierno del Estado de Tamaulipas.<\/p>\n<p>Entre los actores de estas jornadas se encuentra la Guardia Estatal de G\u00e9nero, cuyo personal visit\u00f3 los planteles Jos\u00e9 Guadalupe Longoria Garc\u00eda, Gral. Emiliano P. Nafarrete y Naciones Unidas, beneficiando a 269 alumnos y alumnas, as\u00ed como a 14 docentes.<\/p>\n<p>Algunas de las actividades llevadas a cabo en estas escuelas fueron la din\u00e1mica \u2018\u2019coraz\u00f3n arrugado\u2019\u2019, la canci\u00f3n \u2018\u2019palabras m\u00e1gicas\u2019\u2019, entrega de folletos informativos, difusi\u00f3n de las funciones de la Guardia Estatal de G\u00e9nero y de los n\u00fameros de emergencia: 911 y 089.<\/p>\n<p>De esta manera, se promovi\u00f3 en la ni\u00f1ez la responsabilidad afectiva, el respeto y empat\u00eda por las emociones de las otras personas que forman parte de la comunidad.<\/p>\n<p>Otros participantes de esta jornada fueron la Secretar\u00eda de Bienestar Social, Guardia Estatal Cibern\u00e9tica, Protecci\u00f3n Civil Tamaulipas, Direcci\u00f3n de Tr\u00e1nsito Estatal, Instituto Tamaulipeco para la Cultura y las Artes (ITCA), Sistema DIF y Fiscal\u00eda General de Justicia del Estado de Tamaulipas (FGJT).<\/p>\n<p><img loading=\"lazy\" decoding=\"async\" class=\"aligncenter size-full wp-image-189296\" src=\"https:\/\/www.buroperiodistico.com.mx\/wp-content\/uploads\/2025\/11\/SSPescolares-I.jpeg\" alt=\"\" width=\"640\" height=\"426\" srcset=\"https:\/\/www.buroperiodistico.com.mx\/wp-content\/uploads\/2025\/11\/SSPescolares-I.jpeg 640w, https:\/\/www.buroperiodistico.com.mx\/wp-content\/uploads\/2025\/11\/SSPescolares-I-300x200.jpeg 300w\" sizes=\"auto, (max-width: 640px) 100vw, 640px\" \/> <img loading=\"lazy\" decoding=\"async\" class=\"aligncenter size-full wp-image-189298\" src=\"https:\/\/www.buroperiodistico.com.mx\/wp-content\/uploads\/2025\/11\/SSPescolares-III.jpeg\" alt=\"\" width=\"640\" height=\"258\" srcset=\"https:\/\/www.buroperiodistico.com.mx\/wp-content\/uploads\/2025\/11\/SSPescolares-III.jpeg 640w, https:\/\/www.buroperiodistico.com.mx\/wp-content\/uploads\/2025\/11\/SSPescolares-III-300x121.jpeg 300w\" sizes=\"auto, (max-width: 640px) 100vw, 640px\" \/> <img loading=\"lazy\" decoding=\"async\" class=\"aligncenter size-full wp-image-189297\" src=\"https:\/\/www.buroperiodistico.com.mx\/wp-content\/uploads\/2025\/11\/SSPescolares-II.jpeg\" alt=\"\" width=\"640\" height=\"480\" srcset=\"https:\/\/www.buroperiodistico.com.mx\/wp-content\/uploads\/2025\/11\/SSPescolares-II.jpeg 640w, https:\/\/www.buroperiodistico.com.mx\/wp-content\/uploads\/2025\/11\/SSPescolares-II-300x225.jpeg 300w\" sizes=\"auto, (max-width: 640px) 100vw, 640px\" \/><\/p>\n","protected":false},"excerpt":{"rendered":"<p>Ciudad Victoria, Tamaulipas (25-Noviembre-2025).- Bajo un enfoque multidisciplinario, estudiantes de primaria en Ciudad Victoria recibieron&#8230;<\/p>\n","protected":false},"author":1,"featured_media":189299,"comment_status":"closed","ping_status":"closed","sticky":false,"template":"","format":"standard","meta":{"footnotes":"","jetpack_publicize_message":"","jetpack_publicize_feature_enabled":true,"jetpack_social_post_already_shared":true,"jetpack_social_options":{"image_generator_settings":{"template":"highway","default_image_id":0,"font":"","enabled":false},"version":2}},"categories":[10],"tags":[],"class_list":["post-189295","post","type-post","status-publish","format-standard","has-post-thumbnail","hentry","category-tamaulipas"],"jetpack_publicize_connections":[],"_links":{"self":[{"href":"https:\/\/www.buroperiodistico.com.mx\/index.php?rest_route=\/wp\/v2\/posts\/189295","targetHints":{"allow":["GET"]}}],"collection":[{"href":"https:\/\/www.buroperiodistico.com.mx\/index.php?rest_route=\/wp\/v2\/posts"}],"about":[{"href":"https:\/\/www.buroperiodistico.com.mx\/index.php?rest_route=\/wp\/v2\/types\/post"}],"author":[{"embeddable":true,"href":"https:\/\/www.buroperiodistico.com.mx\/index.php?rest_route=\/wp\/v2\/users\/1"}],"replies":[{"embeddable":true,"href":"https:\/\/www.buroperiodistico.com.mx\/index.php?rest_route=%2Fwp%2Fv2%2Fcomments&post=189295"}],"version-history":[{"count":0,"href":"https:\/\/www.buroperiodistico.com.mx\/index.php?rest_route=\/wp\/v2\/posts\/189295\/revisions"}],"wp:featuredmedia":[{"embeddable":true,"href":"https:\/\/www.buroperiodistico.com.mx\/index.php?rest_route=\/wp\/v2\/media\/189299"}],"wp:attachment":[{"href":"https:\/\/www.buroperiodistico.com.mx\/index.php?rest_route=%2Fwp%2Fv2%2Fmedia&parent=189295"}],"wp:term":[{"taxonomy":"category","embeddable":true,"href":"https:\/\/www.buroperiodistico.com.mx\/index.php?rest_route=%2Fwp%2Fv2%2Fcategories&post=189295"},{"taxonomy":"post_tag","embeddable":true,"href":"https:\/\/www.buroperiodistico.com.mx\/index.php?rest_route=%2Fwp%2Fv2%2Ftags&post=189295"}],"curies":[{"name":"wp","href":"https:\/\/api.w.org\/{rel}","templated":true}]}}