{"id":189285,"date":"2025-11-25T12:11:36","date_gmt":"2025-11-25T18:11:36","guid":{"rendered":"https:\/\/www.buroperiodistico.com.mx\/?p=189285"},"modified":"2025-11-25T12:11:36","modified_gmt":"2025-11-25T18:11:36","slug":"arranca-dif-reynosa-campana-regalemos-sonrisas-para-reunir-juguetes-y-dulces-en-favor-de-la-ninez","status":"publish","type":"post","link":"https:\/\/www.buroperiodistico.com.mx\/?p=189285","title":{"rendered":"Arranca DIF-Reynosa campa\u00f1a Regalemos Sonrisas para reunir juguetes y dulces en favor de la ni\u00f1ez"},"content":{"rendered":"<p><em><strong><img loading=\"lazy\" decoding=\"async\" class=\" wp-image-189288 alignright\" src=\"https:\/\/www.buroperiodistico.com.mx\/wp-content\/uploads\/2025\/11\/UAMx.jpeg\" alt=\"\" width=\"545\" height=\"332\" srcset=\"https:\/\/www.buroperiodistico.com.mx\/wp-content\/uploads\/2025\/11\/UAMx.jpeg 1024w, https:\/\/www.buroperiodistico.com.mx\/wp-content\/uploads\/2025\/11\/UAMx-300x183.jpeg 300w, https:\/\/www.buroperiodistico.com.mx\/wp-content\/uploads\/2025\/11\/UAMx-768x468.jpeg 768w\" sizes=\"auto, (max-width: 545px) 100vw, 545px\" \/>Reynosa, Tam (25-Noviembre-2025).-<\/strong><\/em> El Sistema DIF-Reynosa que preside Carlos Luis Pe\u00f1a Garza, a trav\u00e9s del Voluntariado DIF Municipal que encabeza Alejandra Yelitza Garza, dio arranque a la campa\u00f1a \u00abRegalemos Sonrisas\u00bb, cuyo prop\u00f3sito es reunir juguetes nuevos o usados, pi\u00f1atas y dulces que ser\u00e1n entregados a ni\u00f1as y ni\u00f1os en situaci\u00f3n de vulnerabilidad en est\u00e1s festividades<\/p>\n<p>El buz\u00f3n se encuentra en el DIF Central, ubicado en el bulevar Hidalgo n\u00famero 1900, en la colonia Hidalgo, donde se reciben las donaciones de lunes a viernes en horario de 8:00 de la ma\u00f1ana a 4:00 de la tarde; se pide que los juguetes no sean de pilas ni b\u00e9licos.<\/p>\n<p>La Presidenta del Voluntariado DIF-Reynosa, Alejandra Yelitza Garza, acompa\u00f1ada de la coordinadora de Fondos y Donaciones del DIF, Y\u00e9sica Mor\u00e1n Bocanegra, dio arranque a la campa\u00f1a durante una visita a la Unidad Acad\u00e9mica Multidisciplinaria Reynosa-Aztl\u00e1n de la Universidad Aut\u00f3noma de Tamaulipas, donde agradeci\u00f3 a la Directora de la UAMRA, Mar\u00eda Cristina Hern\u00e1ndez Jim\u00e9nez, a estudiantes y personal docente que respondieron con gran entusiasmo a la convocatoria.<\/p>\n<p><img loading=\"lazy\" decoding=\"async\" class=\"aligncenter size-full wp-image-189286\" src=\"https:\/\/www.buroperiodistico.com.mx\/wp-content\/uploads\/2025\/11\/UAMx-I.jpeg\" alt=\"\" width=\"640\" height=\"427\" srcset=\"https:\/\/www.buroperiodistico.com.mx\/wp-content\/uploads\/2025\/11\/UAMx-I.jpeg 640w, https:\/\/www.buroperiodistico.com.mx\/wp-content\/uploads\/2025\/11\/UAMx-I-300x200.jpeg 300w\" sizes=\"auto, (max-width: 640px) 100vw, 640px\" \/> <img loading=\"lazy\" decoding=\"async\" class=\"aligncenter size-full wp-image-189287\" src=\"https:\/\/www.buroperiodistico.com.mx\/wp-content\/uploads\/2025\/11\/UAMx-II.jpeg\" alt=\"\" width=\"640\" height=\"427\" srcset=\"https:\/\/www.buroperiodistico.com.mx\/wp-content\/uploads\/2025\/11\/UAMx-II.jpeg 640w, https:\/\/www.buroperiodistico.com.mx\/wp-content\/uploads\/2025\/11\/UAMx-II-300x200.jpeg 300w\" sizes=\"auto, (max-width: 640px) 100vw, 640px\" \/><\/p>\n","protected":false},"excerpt":{"rendered":"<p>Reynosa, Tam (25-Noviembre-2025).- El Sistema DIF-Reynosa que preside Carlos Luis Pe\u00f1a Garza, a trav\u00e9s del&#8230;<\/p>\n","protected":false},"author":1,"featured_media":189288,"comment_status":"closed","ping_status":"closed","sticky":false,"template":"","format":"standard","meta":{"footnotes":"","jetpack_publicize_message":"","jetpack_publicize_feature_enabled":true,"jetpack_social_post_already_shared":true,"jetpack_social_options":{"image_generator_settings":{"template":"highway","default_image_id":0,"font":"","enabled":false},"version":2}},"categories":[9],"tags":[],"class_list":["post-189285","post","type-post","status-publish","format-standard","has-post-thumbnail","hentry","category-reynosa"],"jetpack_publicize_connections":[],"_links":{"self":[{"href":"https:\/\/www.buroperiodistico.com.mx\/index.php?rest_route=\/wp\/v2\/posts\/189285","targetHints":{"allow":["GET"]}}],"collection":[{"href":"https:\/\/www.buroperiodistico.com.mx\/index.php?rest_route=\/wp\/v2\/posts"}],"about":[{"href":"https:\/\/www.buroperiodistico.com.mx\/index.php?rest_route=\/wp\/v2\/types\/post"}],"author":[{"embeddable":true,"href":"https:\/\/www.buroperiodistico.com.mx\/index.php?rest_route=\/wp\/v2\/users\/1"}],"replies":[{"embeddable":true,"href":"https:\/\/www.buroperiodistico.com.mx\/index.php?rest_route=%2Fwp%2Fv2%2Fcomments&post=189285"}],"version-history":[{"count":0,"href":"https:\/\/www.buroperiodistico.com.mx\/index.php?rest_route=\/wp\/v2\/posts\/189285\/revisions"}],"wp:featuredmedia":[{"embeddable":true,"href":"https:\/\/www.buroperiodistico.com.mx\/index.php?rest_route=\/wp\/v2\/media\/189288"}],"wp:attachment":[{"href":"https:\/\/www.buroperiodistico.com.mx\/index.php?rest_route=%2Fwp%2Fv2%2Fmedia&parent=189285"}],"wp:term":[{"taxonomy":"category","embeddable":true,"href":"https:\/\/www.buroperiodistico.com.mx\/index.php?rest_route=%2Fwp%2Fv2%2Fcategories&post=189285"},{"taxonomy":"post_tag","embeddable":true,"href":"https:\/\/www.buroperiodistico.com.mx\/index.php?rest_route=%2Fwp%2Fv2%2Ftags&post=189285"}],"curies":[{"name":"wp","href":"https:\/\/api.w.org\/{rel}","templated":true}]}}