{"id":189280,"date":"2025-11-25T11:40:51","date_gmt":"2025-11-25T17:40:51","guid":{"rendered":"https:\/\/www.buroperiodistico.com.mx\/?p=189280"},"modified":"2025-11-25T11:40:51","modified_gmt":"2025-11-25T17:40:51","slug":"ofrece-set-la-feria-vocacional-de-educacion-media-superior","status":"publish","type":"post","link":"https:\/\/www.buroperiodistico.com.mx\/?p=189280","title":{"rendered":"Ofrece SET la Feria Vocacional de Educaci\u00f3n Media Superior"},"content":{"rendered":"<p><em><strong><img loading=\"lazy\" decoding=\"async\" class=\" wp-image-189283 alignright\" src=\"https:\/\/www.buroperiodistico.com.mx\/wp-content\/uploads\/2025\/11\/SETSuperior.jpeg\" alt=\"\" width=\"439\" height=\"281\" srcset=\"https:\/\/www.buroperiodistico.com.mx\/wp-content\/uploads\/2025\/11\/SETSuperior.jpeg 1024w, https:\/\/www.buroperiodistico.com.mx\/wp-content\/uploads\/2025\/11\/SETSuperior-300x192.jpeg 300w, https:\/\/www.buroperiodistico.com.mx\/wp-content\/uploads\/2025\/11\/SETSuperior-768x491.jpeg 768w\" sizes=\"auto, (max-width: 439px) 100vw, 439px\" \/>Nuevo Laredo, Tamaulipas (25-Noviembre-2025).-<\/strong><\/em> La Secretar\u00eda de Educaci\u00f3n de Tamaulipas (SET), a trav\u00e9s del Centro Regional de Desarrollo Educativo (CREDE) en Nuevo Laredo, llev\u00f3 a cabo la Feria Vocacional de Educaci\u00f3n Media Superior, dentro de la iniciativa Estrategia de Absorci\u00f3n del Ciclo Escolar 2026-2027.<\/p>\n<p>Igor Crespo Sol\u00eds, subsecretario de Educaci\u00f3n Media Superior y Superior, dijo que la feria tuvo como objetivo facilitar el acceso de las y los estudiantes que concluyen la secundaria a la educaci\u00f3n media superior en el ciclo escolar inmediato, mediante una estrategia de atenci\u00f3n con enfoque humanista impulsada en el marco de la Subcomisi\u00f3n de Planeaci\u00f3n de la Comisi\u00f3n Estatal para la Planeaci\u00f3n y Programaci\u00f3n de la Educaci\u00f3n Media Superior (CEPPEMS).<\/p>\n<p>Coment\u00f3 que durante la jornada se ofreci\u00f3 orientaci\u00f3n vocacional, informaci\u00f3n sobre la oferta educativa disponible en la regi\u00f3n y espacios de atenci\u00f3n para que las y los j\u00f3venes conozcan las alternativas acad\u00e9micas que les permitir\u00e1n continuar con su formaci\u00f3n escolar.<\/p>\n<p>Explic\u00f3 que los CREDES tienen la misi\u00f3n de proponer y ejecutar estrategias estatales y regionales que permitan mejorar la calidad educativa, coordinar y gestionar servicios, recursos humanos, financieros y materiales, as\u00ed como apoyar proyectos y actividades de los distintos niveles educativos bajo un modelo de gesti\u00f3n estrat\u00e9gica con enfoque regional.<\/p>\n<p>Detall\u00f3 que su visi\u00f3n se centra en fortalecer el funcionamiento del Sistema Educativo Estatal mediante la descentralizaci\u00f3n, elevar la calidad de la educaci\u00f3n respondiendo a las necesidades de cada zona y asegurar que los servicios y programas se presten de manera eficiente y oportuna en los lugares donde se generan las demandas educativas.<\/p>\n<p>Crespo Sol\u00eds indic\u00f3 que, con acciones como esta Feria Vocacional, la SET reafirma su compromiso de ofrecer a las y los j\u00f3venes herramientas que les permitan construir un futuro acad\u00e9mico s\u00f3lido, inclusivo y acorde con las oportunidades que demanda la sociedad actual, en sinton\u00eda con la visi\u00f3n educativa que impulsa el gobernador Am\u00e9rico Villarreal Anaya y el secretario de Educaci\u00f3n, Miguel \u00c1ngel Valdez Garc\u00eda.<\/p>\n<p>Entre las autoridades que se dieron cita en la Feria Vocacional de Educaci\u00f3n Media Superior estuvieron la alcaldesa de Nuevo Laredo, Carmen Lilia Cant\u00fa Rosas Villarreal; el jefe del CREDE en Nuevo Laredo, C\u00e9sar Bola\u00f1os Hern\u00e1ndez, y Cynthia Lizeth Ramos Monsivais, enlace de EMS del CREDE, as\u00ed como supervisores y directores de secundarias t\u00e9cnicas y generales, adem\u00e1s de directivos de instituciones de educaci\u00f3n media superior.<\/p>\n<p><img loading=\"lazy\" decoding=\"async\" class=\"aligncenter size-full wp-image-189281\" src=\"https:\/\/www.buroperiodistico.com.mx\/wp-content\/uploads\/2025\/11\/SETSuperior-I.jpeg\" alt=\"\" width=\"640\" height=\"385\" srcset=\"https:\/\/www.buroperiodistico.com.mx\/wp-content\/uploads\/2025\/11\/SETSuperior-I.jpeg 640w, https:\/\/www.buroperiodistico.com.mx\/wp-content\/uploads\/2025\/11\/SETSuperior-I-300x180.jpeg 300w\" sizes=\"auto, (max-width: 640px) 100vw, 640px\" \/> <img loading=\"lazy\" decoding=\"async\" class=\"aligncenter size-full wp-image-189282\" src=\"https:\/\/www.buroperiodistico.com.mx\/wp-content\/uploads\/2025\/11\/SETSuperior-II.jpeg\" alt=\"\" width=\"619\" height=\"480\" srcset=\"https:\/\/www.buroperiodistico.com.mx\/wp-content\/uploads\/2025\/11\/SETSuperior-II.jpeg 619w, https:\/\/www.buroperiodistico.com.mx\/wp-content\/uploads\/2025\/11\/SETSuperior-II-300x233.jpeg 300w\" sizes=\"auto, (max-width: 619px) 100vw, 619px\" \/><\/p>\n","protected":false},"excerpt":{"rendered":"<p>Nuevo Laredo, Tamaulipas (25-Noviembre-2025).- La Secretar\u00eda de Educaci\u00f3n de Tamaulipas (SET), a trav\u00e9s del Centro&#8230;<\/p>\n","protected":false},"author":1,"featured_media":189283,"comment_status":"closed","ping_status":"closed","sticky":false,"template":"","format":"standard","meta":{"footnotes":"","jetpack_publicize_message":"","jetpack_publicize_feature_enabled":true,"jetpack_social_post_already_shared":true,"jetpack_social_options":{"image_generator_settings":{"template":"highway","default_image_id":0,"font":"","enabled":false},"version":2}},"categories":[10],"tags":[],"class_list":["post-189280","post","type-post","status-publish","format-standard","has-post-thumbnail","hentry","category-tamaulipas"],"jetpack_publicize_connections":[],"_links":{"self":[{"href":"https:\/\/www.buroperiodistico.com.mx\/index.php?rest_route=\/wp\/v2\/posts\/189280","targetHints":{"allow":["GET"]}}],"collection":[{"href":"https:\/\/www.buroperiodistico.com.mx\/index.php?rest_route=\/wp\/v2\/posts"}],"about":[{"href":"https:\/\/www.buroperiodistico.com.mx\/index.php?rest_route=\/wp\/v2\/types\/post"}],"author":[{"embeddable":true,"href":"https:\/\/www.buroperiodistico.com.mx\/index.php?rest_route=\/wp\/v2\/users\/1"}],"replies":[{"embeddable":true,"href":"https:\/\/www.buroperiodistico.com.mx\/index.php?rest_route=%2Fwp%2Fv2%2Fcomments&post=189280"}],"version-history":[{"count":0,"href":"https:\/\/www.buroperiodistico.com.mx\/index.php?rest_route=\/wp\/v2\/posts\/189280\/revisions"}],"wp:featuredmedia":[{"embeddable":true,"href":"https:\/\/www.buroperiodistico.com.mx\/index.php?rest_route=\/wp\/v2\/media\/189283"}],"wp:attachment":[{"href":"https:\/\/www.buroperiodistico.com.mx\/index.php?rest_route=%2Fwp%2Fv2%2Fmedia&parent=189280"}],"wp:term":[{"taxonomy":"category","embeddable":true,"href":"https:\/\/www.buroperiodistico.com.mx\/index.php?rest_route=%2Fwp%2Fv2%2Fcategories&post=189280"},{"taxonomy":"post_tag","embeddable":true,"href":"https:\/\/www.buroperiodistico.com.mx\/index.php?rest_route=%2Fwp%2Fv2%2Ftags&post=189280"}],"curies":[{"name":"wp","href":"https:\/\/api.w.org\/{rel}","templated":true}]}}