{"id":189272,"date":"2025-11-25T11:35:05","date_gmt":"2025-11-25T17:35:05","guid":{"rendered":"https:\/\/www.buroperiodistico.com.mx\/?p=189272"},"modified":"2025-11-25T11:35:05","modified_gmt":"2025-11-25T17:35:05","slug":"reconoce-concanaco-campana-tamaulipas-seguro-te-enamora","status":"publish","type":"post","link":"https:\/\/www.buroperiodistico.com.mx\/?p=189272","title":{"rendered":"Reconoce Concanaco campa\u00f1a \u00a1Tamaulipas seguro te enamora!"},"content":{"rendered":"<ul>\n<li><strong><em>Un galard\u00f3n que resalta la labor del gobernador Am\u00e9rico Villarreal Anaya para posicionar al estado como un destino atractivo, confiable y seguro para visitantes<\/em><\/strong><\/li>\n<\/ul>\n<p><strong><img loading=\"lazy\" decoding=\"async\" class=\" wp-image-189277 alignright\" src=\"https:\/\/www.buroperiodistico.com.mx\/wp-content\/uploads\/2025\/11\/STUenamora.jpeg\" alt=\"\" width=\"494\" height=\"302\" srcset=\"https:\/\/www.buroperiodistico.com.mx\/wp-content\/uploads\/2025\/11\/STUenamora.jpeg 1024w, https:\/\/www.buroperiodistico.com.mx\/wp-content\/uploads\/2025\/11\/STUenamora-300x183.jpeg 300w, https:\/\/www.buroperiodistico.com.mx\/wp-content\/uploads\/2025\/11\/STUenamora-768x470.jpeg 768w\" sizes=\"auto, (max-width: 494px) 100vw, 494px\" \/>Aguascalientes, Aguascalientes (25-Noviembre-2025).-<\/strong> En reconocimiento a su innovadora estrategia de promoci\u00f3n tur\u00edstica y reposicionamiento de imagen, la Confederaci\u00f3n de C\u00e1maras Nacionales de Comercio, Servicios y Turismo (CONCANACO SERVYTUR) distingui\u00f3 al Gobierno de Tamaulipas con el galard\u00f3n \u00abMarca Estado\u00bb por la campa\u00f1a \u00a1Tamaulipas seguro te enamora!.<\/p>\n<p>En el marco de la 3ra. Cumbre Empresarial de L\u00edderes y Negocios Familiares realizada en Aguascalientes, el presidente de CONCANACO, Octavio de la Torre de St\u00e9ffano, reconoci\u00f3 la proyecci\u00f3n del estado de Tamaulipas a trav\u00e9s de su campa\u00f1a.<\/p>\n<p>Por lo que la entidad fue distinguida con el galard\u00f3n \u201cMarca Estado\u201d por su campa\u00f1a tur\u00edstica \u201cTamaulipas seguro te enamora\u201d, un reconocimiento que resalta el esfuerzo por posicionar a la entidad como un destino atractivo y confiable para visitantes.<\/p>\n<p>Benjam\u00edn Hern\u00e1ndez Rodr\u00edguez, secretario de Turismo en Tamaulipas agradeci\u00f3 el galard\u00f3n a nombre del gobierno de Tamaulipas, que encabeza Am\u00e9rico Villarreal Anaya.<\/p>\n<p>El funcionario estatal destac\u00f3 la importancia de seguir impulsando y proyectando al estado, por los diversos medios, plataformas y tianguis, como el Tianguis Nacional de Pueblos M\u00e1gicos que se realizar\u00e1 en Tampico donde la entidad se prepara para recibir a m\u00e1s de 60 mil visitantes locales, nacionales y extranjeros.<\/p>\n<p>Este distintivo, no solo es un logro simb\u00f3lico, sino que adem\u00e1s, refuerza la estrategia de promoci\u00f3n tur\u00edstica tamaulipeca, que vincula al gobierno estatal con el sector empresarial y de servicios, buscando atraer m\u00e1s visitantes y potenciar el crecimiento econ\u00f3mico local, refiri\u00f3. Cabe destacar que, el presidente de Concanaco, Octavio de la Torre de St\u00e9ffano, entreg\u00f3 la distinci\u00f3n, dentro de los Galardones \u201cM\u00e9xico Muy Mexicano\u201d, que se entregan a estados y proyectos emblem\u00e1ticos, entre otros m\u00e1s.<\/p>\n<p><img loading=\"lazy\" decoding=\"async\" class=\"aligncenter size-full wp-image-189274\" src=\"https:\/\/www.buroperiodistico.com.mx\/wp-content\/uploads\/2025\/11\/STUenamora-I.jpeg\" alt=\"\" width=\"640\" height=\"360\" srcset=\"https:\/\/www.buroperiodistico.com.mx\/wp-content\/uploads\/2025\/11\/STUenamora-I.jpeg 640w, https:\/\/www.buroperiodistico.com.mx\/wp-content\/uploads\/2025\/11\/STUenamora-I-300x169.jpeg 300w\" sizes=\"auto, (max-width: 640px) 100vw, 640px\" \/> <img loading=\"lazy\" decoding=\"async\" class=\"aligncenter size-full wp-image-189276\" src=\"https:\/\/www.buroperiodistico.com.mx\/wp-content\/uploads\/2025\/11\/STUenamora-III.jpeg\" alt=\"\" width=\"640\" height=\"360\" srcset=\"https:\/\/www.buroperiodistico.com.mx\/wp-content\/uploads\/2025\/11\/STUenamora-III.jpeg 640w, https:\/\/www.buroperiodistico.com.mx\/wp-content\/uploads\/2025\/11\/STUenamora-III-300x169.jpeg 300w\" sizes=\"auto, (max-width: 640px) 100vw, 640px\" \/> <img loading=\"lazy\" decoding=\"async\" class=\"aligncenter size-full wp-image-189275\" src=\"https:\/\/www.buroperiodistico.com.mx\/wp-content\/uploads\/2025\/11\/STUenamora-II.jpeg\" alt=\"\" width=\"640\" height=\"360\" srcset=\"https:\/\/www.buroperiodistico.com.mx\/wp-content\/uploads\/2025\/11\/STUenamora-II.jpeg 640w, https:\/\/www.buroperiodistico.com.mx\/wp-content\/uploads\/2025\/11\/STUenamora-II-300x169.jpeg 300w\" sizes=\"auto, (max-width: 640px) 100vw, 640px\" \/><\/p>\n","protected":false},"excerpt":{"rendered":"<p>Un galard\u00f3n que resalta la labor del gobernador Am\u00e9rico Villarreal Anaya para posicionar al estado&#8230;<\/p>\n","protected":false},"author":1,"featured_media":189277,"comment_status":"closed","ping_status":"closed","sticky":false,"template":"","format":"standard","meta":{"footnotes":"","jetpack_publicize_message":"","jetpack_publicize_feature_enabled":true,"jetpack_social_post_already_shared":true,"jetpack_social_options":{"image_generator_settings":{"template":"highway","default_image_id":0,"font":"","enabled":false},"version":2}},"categories":[10],"tags":[],"class_list":["post-189272","post","type-post","status-publish","format-standard","has-post-thumbnail","hentry","category-tamaulipas"],"jetpack_publicize_connections":[],"_links":{"self":[{"href":"https:\/\/www.buroperiodistico.com.mx\/index.php?rest_route=\/wp\/v2\/posts\/189272","targetHints":{"allow":["GET"]}}],"collection":[{"href":"https:\/\/www.buroperiodistico.com.mx\/index.php?rest_route=\/wp\/v2\/posts"}],"about":[{"href":"https:\/\/www.buroperiodistico.com.mx\/index.php?rest_route=\/wp\/v2\/types\/post"}],"author":[{"embeddable":true,"href":"https:\/\/www.buroperiodistico.com.mx\/index.php?rest_route=\/wp\/v2\/users\/1"}],"replies":[{"embeddable":true,"href":"https:\/\/www.buroperiodistico.com.mx\/index.php?rest_route=%2Fwp%2Fv2%2Fcomments&post=189272"}],"version-history":[{"count":0,"href":"https:\/\/www.buroperiodistico.com.mx\/index.php?rest_route=\/wp\/v2\/posts\/189272\/revisions"}],"wp:featuredmedia":[{"embeddable":true,"href":"https:\/\/www.buroperiodistico.com.mx\/index.php?rest_route=\/wp\/v2\/media\/189277"}],"wp:attachment":[{"href":"https:\/\/www.buroperiodistico.com.mx\/index.php?rest_route=%2Fwp%2Fv2%2Fmedia&parent=189272"}],"wp:term":[{"taxonomy":"category","embeddable":true,"href":"https:\/\/www.buroperiodistico.com.mx\/index.php?rest_route=%2Fwp%2Fv2%2Fcategories&post=189272"},{"taxonomy":"post_tag","embeddable":true,"href":"https:\/\/www.buroperiodistico.com.mx\/index.php?rest_route=%2Fwp%2Fv2%2Ftags&post=189272"}],"curies":[{"name":"wp","href":"https:\/\/api.w.org\/{rel}","templated":true}]}}