{"id":189267,"date":"2025-11-25T11:28:42","date_gmt":"2025-11-25T17:28:42","guid":{"rendered":"https:\/\/www.buroperiodistico.com.mx\/?p=189267"},"modified":"2025-11-25T11:28:42","modified_gmt":"2025-11-25T17:28:42","slug":"realiza-stps-cuarta-sesion-ordinaria-del-cocodi","status":"publish","type":"post","link":"https:\/\/www.buroperiodistico.com.mx\/?p=189267","title":{"rendered":"Realiza STPS Cuarta Sesi\u00f3n Ordinaria del COCODI"},"content":{"rendered":"<p><em><strong><img loading=\"lazy\" decoding=\"async\" class=\" wp-image-189270 alignright\" src=\"https:\/\/www.buroperiodistico.com.mx\/wp-content\/uploads\/2025\/11\/STRCOCODI.jpeg\" alt=\"\" width=\"483\" height=\"234\" srcset=\"https:\/\/www.buroperiodistico.com.mx\/wp-content\/uploads\/2025\/11\/STRCOCODI.jpeg 1024w, https:\/\/www.buroperiodistico.com.mx\/wp-content\/uploads\/2025\/11\/STRCOCODI-300x145.jpeg 300w, https:\/\/www.buroperiodistico.com.mx\/wp-content\/uploads\/2025\/11\/STRCOCODI-768x372.jpeg 768w\" sizes=\"auto, (max-width: 483px) 100vw, 483px\" \/>Ciudad Victoria, Tamaulipas (25-Noviembre-2025).-<\/strong><\/em> La Secretar\u00eda del Trabajo y Previsi\u00f3n Social llev\u00f3 a cabo la Cuarta Sesi\u00f3n Ordinaria del Comit\u00e9 de Control y Desempe\u00f1o Institucional (COCODI), espacio fundamental para fortalecer la mejora continua, el control interno y la rendici\u00f3n de cuentas dentro de la dependencia.<\/p>\n<p>Durante la sesi\u00f3n, se revisaron los avances en materia de planeaci\u00f3n, estrategias operativas y el cumplimiento de los objetivos institucionales, reafirmando el compromiso de la secretar\u00eda con la transparencia, la eficiencia y la correcta ejecuci\u00f3n de sus programas.<\/p>\n<p>En representaci\u00f3n del titular de la dependencia, Luis Gerardo Illoldi Reyes, particip\u00f3 como presidente suplente, Emanuel Res\u00e9ndez G\u00f3mez, director general del Servicio Nacional de Empleo Tamaulipas, quien destac\u00f3 que todas las acciones y resultados se consolidan gracias al invaluable apoyo y liderazgo del secretario.<\/p>\n<p>En este encuentro participaron autoridades y representantes del \u00d3rgano Interno de Control, \u00e1reas administrativas, jur\u00eddicas, transparencia, planeaci\u00f3n, gesti\u00f3n y seguimiento, as\u00ed como las distintas direcciones y departamentos que integran el COCODI, reforzando la coordinaci\u00f3n institucional para el fortalecimiento del trabajo p\u00fablico.<\/p>\n<p>Res\u00e9ndez G\u00f3mez, se\u00f1al\u00f3 que la Secretar\u00eda del Trabajo y Previsi\u00f3n Social reafirm\u00f3 su compromiso con el Gobierno Humanista y de la Transformaci\u00f3n que encabeza Am\u00e9rico Villarreal Anaya, trabajando siempre por el bienestar y el desarrollo de Tamaulipas.<\/p>\n<p><img loading=\"lazy\" decoding=\"async\" class=\"aligncenter size-full wp-image-189268\" src=\"https:\/\/www.buroperiodistico.com.mx\/wp-content\/uploads\/2025\/11\/STRCOCODI-I.jpeg\" alt=\"\" width=\"640\" height=\"427\" srcset=\"https:\/\/www.buroperiodistico.com.mx\/wp-content\/uploads\/2025\/11\/STRCOCODI-I.jpeg 640w, https:\/\/www.buroperiodistico.com.mx\/wp-content\/uploads\/2025\/11\/STRCOCODI-I-300x200.jpeg 300w\" sizes=\"auto, (max-width: 640px) 100vw, 640px\" \/> <img loading=\"lazy\" decoding=\"async\" class=\"aligncenter size-full wp-image-189269\" src=\"https:\/\/www.buroperiodistico.com.mx\/wp-content\/uploads\/2025\/11\/STRCOCODI-II.jpeg\" alt=\"\" width=\"640\" height=\"419\" srcset=\"https:\/\/www.buroperiodistico.com.mx\/wp-content\/uploads\/2025\/11\/STRCOCODI-II.jpeg 640w, https:\/\/www.buroperiodistico.com.mx\/wp-content\/uploads\/2025\/11\/STRCOCODI-II-300x196.jpeg 300w\" sizes=\"auto, (max-width: 640px) 100vw, 640px\" \/><\/p>\n","protected":false},"excerpt":{"rendered":"<p>Ciudad Victoria, Tamaulipas (25-Noviembre-2025).- La Secretar\u00eda del Trabajo y Previsi\u00f3n Social llev\u00f3 a cabo la&#8230;<\/p>\n","protected":false},"author":1,"featured_media":189270,"comment_status":"closed","ping_status":"closed","sticky":false,"template":"","format":"standard","meta":{"footnotes":"","jetpack_publicize_message":"","jetpack_publicize_feature_enabled":true,"jetpack_social_post_already_shared":true,"jetpack_social_options":{"image_generator_settings":{"template":"highway","default_image_id":0,"font":"","enabled":false},"version":2}},"categories":[10],"tags":[],"class_list":["post-189267","post","type-post","status-publish","format-standard","has-post-thumbnail","hentry","category-tamaulipas"],"jetpack_publicize_connections":[],"_links":{"self":[{"href":"https:\/\/www.buroperiodistico.com.mx\/index.php?rest_route=\/wp\/v2\/posts\/189267","targetHints":{"allow":["GET"]}}],"collection":[{"href":"https:\/\/www.buroperiodistico.com.mx\/index.php?rest_route=\/wp\/v2\/posts"}],"about":[{"href":"https:\/\/www.buroperiodistico.com.mx\/index.php?rest_route=\/wp\/v2\/types\/post"}],"author":[{"embeddable":true,"href":"https:\/\/www.buroperiodistico.com.mx\/index.php?rest_route=\/wp\/v2\/users\/1"}],"replies":[{"embeddable":true,"href":"https:\/\/www.buroperiodistico.com.mx\/index.php?rest_route=%2Fwp%2Fv2%2Fcomments&post=189267"}],"version-history":[{"count":0,"href":"https:\/\/www.buroperiodistico.com.mx\/index.php?rest_route=\/wp\/v2\/posts\/189267\/revisions"}],"wp:featuredmedia":[{"embeddable":true,"href":"https:\/\/www.buroperiodistico.com.mx\/index.php?rest_route=\/wp\/v2\/media\/189270"}],"wp:attachment":[{"href":"https:\/\/www.buroperiodistico.com.mx\/index.php?rest_route=%2Fwp%2Fv2%2Fmedia&parent=189267"}],"wp:term":[{"taxonomy":"category","embeddable":true,"href":"https:\/\/www.buroperiodistico.com.mx\/index.php?rest_route=%2Fwp%2Fv2%2Fcategories&post=189267"},{"taxonomy":"post_tag","embeddable":true,"href":"https:\/\/www.buroperiodistico.com.mx\/index.php?rest_route=%2Fwp%2Fv2%2Ftags&post=189267"}],"curies":[{"name":"wp","href":"https:\/\/api.w.org\/{rel}","templated":true}]}}