{"id":189256,"date":"2025-11-25T11:17:32","date_gmt":"2025-11-25T17:17:32","guid":{"rendered":"https:\/\/www.buroperiodistico.com.mx\/?p=189256"},"modified":"2025-11-25T11:17:32","modified_gmt":"2025-11-25T17:17:32","slug":"destina-gobierno-de-americo-historica-inversion-en-rio-bravo","status":"publish","type":"post","link":"https:\/\/www.buroperiodistico.com.mx\/?p=189256","title":{"rendered":"Destina gobierno de Am\u00e9rico hist\u00f3rica inversi\u00f3n en R\u00edo Bravo"},"content":{"rendered":"<p><em><strong><img loading=\"lazy\" decoding=\"async\" class=\" wp-image-189259 alignright\" src=\"https:\/\/www.buroperiodistico.com.mx\/wp-content\/uploads\/2025\/11\/SOPBravo.jpeg\" alt=\"\" width=\"426\" height=\"274\" srcset=\"https:\/\/www.buroperiodistico.com.mx\/wp-content\/uploads\/2025\/11\/SOPBravo.jpeg 1024w, https:\/\/www.buroperiodistico.com.mx\/wp-content\/uploads\/2025\/11\/SOPBravo-300x193.jpeg 300w, https:\/\/www.buroperiodistico.com.mx\/wp-content\/uploads\/2025\/11\/SOPBravo-768x494.jpeg 768w\" sizes=\"auto, (max-width: 426px) 100vw, 426px\" \/>R\u00edo Bravo, Tamaulipas (25-Noviembre-2025).-<\/strong><\/em> El gobierno de Am\u00e9rico Villarreal Anaya a trav\u00e9s de la Secretar\u00eda de Obras P\u00fablicas (SOP) ha destinado una inversi\u00f3n hist\u00f3rica, mayor a los 132 millones de pesos en el municipio de R\u00edo Bravo.<\/p>\n<p>El secretario Pedro Cepeda Anaya, apunt\u00f3 que desde el 2022 a la fecha, han llevado la transformaci\u00f3n a esta regi\u00f3n de Tamaulipas fortaleciendo su infraestructura vial, hidr\u00e1ulica, educativa y deportiva.<\/p>\n<p>\u201cHemos impulsado un desarrollo integral en esta zona de Tamaulipas, priorizando obras que elevan la calidad de vida de las familias riobravenses. Atendimos peticiones directas de la ciudadan\u00eda, como la rehabilitaci\u00f3n del Gimnasio Enrique Franklin Chanes \u2018Las Liebres\u2019, un espacio solicitado por la poblaci\u00f3n de R\u00edo Bravo para su recuperaci\u00f3n. A ello se suman los trabajos de pavimentaci\u00f3n hidr\u00e1ulica y asf\u00e1ltica, la puesta en marcha de la Planta Tratadora de Aguas Residuales (PTAR) de Nuevo Progreso y el fortalecimiento de los Centros Regionales de Desarrollo Educativo\u201d, describi\u00f3 el titular de la SOP.<\/p>\n<p>El servidor p\u00fablico agreg\u00f3 que con estas acciones adem\u00e1s de crear entornos m\u00e1s seguros, funcionales y dignos para las y los ciudadanos de este municipio, tambi\u00e9n mejoran el entorno de esta zona fronteriza.<\/p>\n<p><img loading=\"lazy\" decoding=\"async\" class=\"aligncenter size-full wp-image-189257\" src=\"https:\/\/www.buroperiodistico.com.mx\/wp-content\/uploads\/2025\/11\/SOPBravo-I.jpeg\" alt=\"\" width=\"640\" height=\"480\" srcset=\"https:\/\/www.buroperiodistico.com.mx\/wp-content\/uploads\/2025\/11\/SOPBravo-I.jpeg 640w, https:\/\/www.buroperiodistico.com.mx\/wp-content\/uploads\/2025\/11\/SOPBravo-I-300x225.jpeg 300w\" sizes=\"auto, (max-width: 640px) 100vw, 640px\" \/> <img loading=\"lazy\" decoding=\"async\" class=\"aligncenter size-full wp-image-189258\" src=\"https:\/\/www.buroperiodistico.com.mx\/wp-content\/uploads\/2025\/11\/SOPBravo-II.jpeg\" alt=\"\" width=\"640\" height=\"480\" srcset=\"https:\/\/www.buroperiodistico.com.mx\/wp-content\/uploads\/2025\/11\/SOPBravo-II.jpeg 640w, https:\/\/www.buroperiodistico.com.mx\/wp-content\/uploads\/2025\/11\/SOPBravo-II-300x225.jpeg 300w\" sizes=\"auto, (max-width: 640px) 100vw, 640px\" \/><\/p>\n","protected":false},"excerpt":{"rendered":"<p>R\u00edo Bravo, Tamaulipas (25-Noviembre-2025).- El gobierno de Am\u00e9rico Villarreal Anaya a trav\u00e9s de la Secretar\u00eda&#8230;<\/p>\n","protected":false},"author":1,"featured_media":189259,"comment_status":"closed","ping_status":"closed","sticky":false,"template":"","format":"standard","meta":{"footnotes":"","jetpack_publicize_message":"","jetpack_publicize_feature_enabled":true,"jetpack_social_post_already_shared":true,"jetpack_social_options":{"image_generator_settings":{"template":"highway","default_image_id":0,"font":"","enabled":false},"version":2}},"categories":[10],"tags":[],"class_list":["post-189256","post","type-post","status-publish","format-standard","has-post-thumbnail","hentry","category-tamaulipas"],"jetpack_publicize_connections":[],"_links":{"self":[{"href":"https:\/\/www.buroperiodistico.com.mx\/index.php?rest_route=\/wp\/v2\/posts\/189256","targetHints":{"allow":["GET"]}}],"collection":[{"href":"https:\/\/www.buroperiodistico.com.mx\/index.php?rest_route=\/wp\/v2\/posts"}],"about":[{"href":"https:\/\/www.buroperiodistico.com.mx\/index.php?rest_route=\/wp\/v2\/types\/post"}],"author":[{"embeddable":true,"href":"https:\/\/www.buroperiodistico.com.mx\/index.php?rest_route=\/wp\/v2\/users\/1"}],"replies":[{"embeddable":true,"href":"https:\/\/www.buroperiodistico.com.mx\/index.php?rest_route=%2Fwp%2Fv2%2Fcomments&post=189256"}],"version-history":[{"count":0,"href":"https:\/\/www.buroperiodistico.com.mx\/index.php?rest_route=\/wp\/v2\/posts\/189256\/revisions"}],"wp:featuredmedia":[{"embeddable":true,"href":"https:\/\/www.buroperiodistico.com.mx\/index.php?rest_route=\/wp\/v2\/media\/189259"}],"wp:attachment":[{"href":"https:\/\/www.buroperiodistico.com.mx\/index.php?rest_route=%2Fwp%2Fv2%2Fmedia&parent=189256"}],"wp:term":[{"taxonomy":"category","embeddable":true,"href":"https:\/\/www.buroperiodistico.com.mx\/index.php?rest_route=%2Fwp%2Fv2%2Fcategories&post=189256"},{"taxonomy":"post_tag","embeddable":true,"href":"https:\/\/www.buroperiodistico.com.mx\/index.php?rest_route=%2Fwp%2Fv2%2Ftags&post=189256"}],"curies":[{"name":"wp","href":"https:\/\/api.w.org\/{rel}","templated":true}]}}