{"id":189252,"date":"2025-11-25T11:12:13","date_gmt":"2025-11-25T17:12:13","guid":{"rendered":"https:\/\/www.buroperiodistico.com.mx\/?p=189252"},"modified":"2025-11-25T11:12:13","modified_gmt":"2025-11-25T17:12:13","slug":"monarcas-la-gran-travesia-del-sertv-tamaulipas-finalista-internacional-en-los-premios-tal-2025","status":"publish","type":"post","link":"https:\/\/www.buroperiodistico.com.mx\/?p=189252","title":{"rendered":"\u00abMonarcas: La Gran Traves\u00eda\u00bb, del SERTV Tamaulipas, finalista internacional en los Premios TAL 2025"},"content":{"rendered":"<p><strong><em><img loading=\"lazy\" decoding=\"async\" class=\" wp-image-189254 alignright\" src=\"https:\/\/www.buroperiodistico.com.mx\/wp-content\/uploads\/2025\/11\/SRTTAL.jpeg\" alt=\"\" width=\"471\" height=\"302\" srcset=\"https:\/\/www.buroperiodistico.com.mx\/wp-content\/uploads\/2025\/11\/SRTTAL.jpeg 1024w, https:\/\/www.buroperiodistico.com.mx\/wp-content\/uploads\/2025\/11\/SRTTAL-300x192.jpeg 300w, https:\/\/www.buroperiodistico.com.mx\/wp-content\/uploads\/2025\/11\/SRTTAL-768x493.jpeg 768w\" sizes=\"auto, (max-width: 471px) 100vw, 471px\" \/>Ciudad Victoria, Tamaulipas (25-Noviembre-2025).-<\/em><\/strong> El Sistema Estatal de Radio y Televisi\u00f3n de Tamaulipas (SERTV), coloc\u00f3 a la entidad entre los primeros cinco lugares internacionales en los Premios TAL 2025, la nominaci\u00f3n lleg\u00f3 gracias a \u201cMonarcas: La Gran Traves\u00eda\u201d, una serie radiof\u00f3nica que compite en la categor\u00eda Cultura Migrante.<\/p>\n<p>La producci\u00f3n re\u00fane diez episodios construidos con las voces de hombres y mujeres migrantes de distintos pa\u00edses. Todos comparten un mismo punto en el mapa: la frontera mexicana. Ah\u00ed esperan la oportunidad de seguir rumbo a Estados Unidos.<\/p>\n<p>Sus testimonios muestran la migraci\u00f3n desde una mirada humana y respetuosa. La serie toma como inspiraci\u00f3n el viaje de la mariposa monarca, un s\u00edmbolo de resistencia y movimiento, para narrar lo que viven quienes cruzan fronteras en busca de seguridad y nuevas oportunidades.<\/p>\n<p>El titular del SERTV, Ulises Brito Aguilar, inform\u00f3 que el proyecto es una coproducci\u00f3n realizada con el Instituto Tamaulipeco para los Migrantes, que busca despertar conciencia social, promover empat\u00eda y poner en el centro la dignidad y resiliencia de millones de personas en tr\u00e1nsito. La idea es invitar a la reflexi\u00f3n y fortalecer una cultura de respeto hacia quienes emprenden este camino.<\/p>\n<p>Este reconocimiento llega en un a\u00f1o clave para el organismo, el Sistema Estatal de Radio y Televisi\u00f3n de Tamaulipas se integr\u00f3 a la Red Internacional de Televisi\u00f3n de Am\u00e9rica Latina, una alianza que re\u00fane a canales p\u00fablicos y culturales del continente y con su incorporaci\u00f3n se abre la puerta a coproducciones, contenidos fortalecidos y una comunicaci\u00f3n p\u00fablica m\u00e1s s\u00f3lida.<\/p>\n<p>Con proyectos como \u201cMonarcas: La Gran Traves\u00eda\u201d, el SERTV reafirma su compromiso de ofrecer contenidos culturales y sociales de calidad que impulsen a una sociedad informada, cr\u00edtica y con enfoque humanista.<\/p>\n<p><img loading=\"lazy\" decoding=\"async\" class=\"aligncenter size-full wp-image-189253\" src=\"https:\/\/www.buroperiodistico.com.mx\/wp-content\/uploads\/2025\/11\/SRTTAL-I.jpeg\" alt=\"\" width=\"488\" height=\"480\" srcset=\"https:\/\/www.buroperiodistico.com.mx\/wp-content\/uploads\/2025\/11\/SRTTAL-I.jpeg 488w, https:\/\/www.buroperiodistico.com.mx\/wp-content\/uploads\/2025\/11\/SRTTAL-I-300x295.jpeg 300w\" sizes=\"auto, (max-width: 488px) 100vw, 488px\" \/><\/p>\n","protected":false},"excerpt":{"rendered":"<p>Ciudad Victoria, Tamaulipas (25-Noviembre-2025).- El Sistema Estatal de Radio y Televisi\u00f3n de Tamaulipas (SERTV), coloc\u00f3&#8230;<\/p>\n","protected":false},"author":1,"featured_media":189254,"comment_status":"closed","ping_status":"closed","sticky":false,"template":"","format":"standard","meta":{"footnotes":"","jetpack_publicize_message":"","jetpack_publicize_feature_enabled":true,"jetpack_social_post_already_shared":true,"jetpack_social_options":{"image_generator_settings":{"template":"highway","default_image_id":0,"font":"","enabled":false},"version":2}},"categories":[10],"tags":[],"class_list":["post-189252","post","type-post","status-publish","format-standard","has-post-thumbnail","hentry","category-tamaulipas"],"jetpack_publicize_connections":[],"_links":{"self":[{"href":"https:\/\/www.buroperiodistico.com.mx\/index.php?rest_route=\/wp\/v2\/posts\/189252","targetHints":{"allow":["GET"]}}],"collection":[{"href":"https:\/\/www.buroperiodistico.com.mx\/index.php?rest_route=\/wp\/v2\/posts"}],"about":[{"href":"https:\/\/www.buroperiodistico.com.mx\/index.php?rest_route=\/wp\/v2\/types\/post"}],"author":[{"embeddable":true,"href":"https:\/\/www.buroperiodistico.com.mx\/index.php?rest_route=\/wp\/v2\/users\/1"}],"replies":[{"embeddable":true,"href":"https:\/\/www.buroperiodistico.com.mx\/index.php?rest_route=%2Fwp%2Fv2%2Fcomments&post=189252"}],"version-history":[{"count":0,"href":"https:\/\/www.buroperiodistico.com.mx\/index.php?rest_route=\/wp\/v2\/posts\/189252\/revisions"}],"wp:featuredmedia":[{"embeddable":true,"href":"https:\/\/www.buroperiodistico.com.mx\/index.php?rest_route=\/wp\/v2\/media\/189254"}],"wp:attachment":[{"href":"https:\/\/www.buroperiodistico.com.mx\/index.php?rest_route=%2Fwp%2Fv2%2Fmedia&parent=189252"}],"wp:term":[{"taxonomy":"category","embeddable":true,"href":"https:\/\/www.buroperiodistico.com.mx\/index.php?rest_route=%2Fwp%2Fv2%2Fcategories&post=189252"},{"taxonomy":"post_tag","embeddable":true,"href":"https:\/\/www.buroperiodistico.com.mx\/index.php?rest_route=%2Fwp%2Fv2%2Ftags&post=189252"}],"curies":[{"name":"wp","href":"https:\/\/api.w.org\/{rel}","templated":true}]}}