{"id":188976,"date":"2025-11-23T17:06:44","date_gmt":"2025-11-23T23:06:44","guid":{"rendered":"https:\/\/www.buroperiodistico.com.mx\/?p=188976"},"modified":"2025-11-23T17:06:44","modified_gmt":"2025-11-23T23:06:44","slug":"entrego-carlos-pena-ortiz-techumbre-metalica-a-la-escuela-primaria-aquiles-serdan","status":"publish","type":"post","link":"https:\/\/www.buroperiodistico.com.mx\/?p=188976","title":{"rendered":"Entreg\u00f3 Carlos Pe\u00f1a Ortiz Techumbre Met\u00e1lica a la escuela primaria Aquiles Serd\u00e1n"},"content":{"rendered":"<p><em><strong><img loading=\"lazy\" decoding=\"async\" class=\" wp-image-188984 alignright\" src=\"https:\/\/www.buroperiodistico.com.mx\/wp-content\/uploads\/2025\/11\/CPox-13.jpeg\" alt=\"\" width=\"505\" height=\"306\" srcset=\"https:\/\/www.buroperiodistico.com.mx\/wp-content\/uploads\/2025\/11\/CPox-13.jpeg 1024w, https:\/\/www.buroperiodistico.com.mx\/wp-content\/uploads\/2025\/11\/CPox-13-300x182.jpeg 300w, https:\/\/www.buroperiodistico.com.mx\/wp-content\/uploads\/2025\/11\/CPox-13-768x466.jpeg 768w\" sizes=\"auto, (max-width: 505px) 100vw, 505px\" \/>Reynosa, Tam (23-Noviembre-2025).-<\/strong><\/em> Inaugurando la Techumbre Met\u00e1lica en la escuela primaria Aquiles Serd\u00e1n, de la colonia Rancho Grande, el Presidente Municipal Carlos Pe\u00f1a Ortiz, fue recibido por la Directora Wendy Roxana Castro Lores y los alumnos Briana Camila Gonz\u00e1lez Cruz y David Alarc\u00f3n Rinc\u00f3n.<\/p>\n<p>\u00abLa educaci\u00f3n es un tema que no le toca al gobierno municipal, pero es el m\u00e1s importante para nosotros y es al que m\u00e1s le damos prioridad\u00bb, dijo el Alcalde, previo a la inauguraci\u00f3n de la Techumbre de m\u00e1s de 400 metros cuadrados.<\/p>\n<p>\u00abSabemos que el futuro de esta ciudad y este pa\u00eds depende de qu\u00e9 tan bi\u00e9n le vaya bien a todos estos ni\u00f1os que est\u00e1n aqu\u00ed\u00bb, recalc\u00f3.<\/p>\n<p>Participaron en la magna inauguraci\u00f3n: la directora de la escuela primaria Valent\u00edn G\u00f3mez Far\u00edas turno vespertino, Manuela Medina Garc\u00eda; el Secretario de Organizaci\u00f3n II de la Secci\u00f3n 30 del SNTE, Jos\u00e9 Hiram Rodr\u00edguez Lim\u00f3n; el Regidor Arnoldo Trevi\u00f1o Azuela, Coordinador de la Comisi\u00f3n de Educaci\u00f3n en el Cabildo; el Secretario de Obras P\u00fablicas, Eduardo L\u00f3pez Arias; el Secretario de Bienestar Social, H\u00e9ctor Alejandro Olivares Zavala; Jos\u00e9 Eugenio Quiroz Longoria, Director de Educaci\u00f3n Municipal; por los padres de familia, Yuridia Mart\u00ednez Baz\u00e1n; funcionarios municipales y miembros del Cabildo.<\/p>\n<p>#ReynosaImparable<br \/>\n#GobiernoMunicipalDeReynosa<\/p>\n<p><img loading=\"lazy\" decoding=\"async\" class=\"aligncenter size-full wp-image-188977\" src=\"https:\/\/www.buroperiodistico.com.mx\/wp-content\/uploads\/2025\/11\/CPox-I-13.jpeg\" alt=\"\" width=\"640\" height=\"427\" srcset=\"https:\/\/www.buroperiodistico.com.mx\/wp-content\/uploads\/2025\/11\/CPox-I-13.jpeg 640w, https:\/\/www.buroperiodistico.com.mx\/wp-content\/uploads\/2025\/11\/CPox-I-13-300x200.jpeg 300w\" sizes=\"auto, (max-width: 640px) 100vw, 640px\" \/> <img loading=\"lazy\" decoding=\"async\" class=\"aligncenter size-full wp-image-188983\" src=\"https:\/\/www.buroperiodistico.com.mx\/wp-content\/uploads\/2025\/11\/CPox-IIIIIII-5.jpeg\" alt=\"\" width=\"640\" height=\"427\" srcset=\"https:\/\/www.buroperiodistico.com.mx\/wp-content\/uploads\/2025\/11\/CPox-IIIIIII-5.jpeg 640w, https:\/\/www.buroperiodistico.com.mx\/wp-content\/uploads\/2025\/11\/CPox-IIIIIII-5-300x200.jpeg 300w\" sizes=\"auto, (max-width: 640px) 100vw, 640px\" \/> <img loading=\"lazy\" decoding=\"async\" class=\"aligncenter size-full wp-image-188982\" src=\"https:\/\/www.buroperiodistico.com.mx\/wp-content\/uploads\/2025\/11\/CPox-IIIIII-6.jpeg\" alt=\"\" width=\"640\" height=\"427\" srcset=\"https:\/\/www.buroperiodistico.com.mx\/wp-content\/uploads\/2025\/11\/CPox-IIIIII-6.jpeg 640w, https:\/\/www.buroperiodistico.com.mx\/wp-content\/uploads\/2025\/11\/CPox-IIIIII-6-300x200.jpeg 300w\" sizes=\"auto, (max-width: 640px) 100vw, 640px\" \/> <img loading=\"lazy\" decoding=\"async\" class=\"aligncenter size-full wp-image-188981\" src=\"https:\/\/www.buroperiodistico.com.mx\/wp-content\/uploads\/2025\/11\/CPox-IIIII-11.jpeg\" alt=\"\" width=\"640\" height=\"427\" srcset=\"https:\/\/www.buroperiodistico.com.mx\/wp-content\/uploads\/2025\/11\/CPox-IIIII-11.jpeg 640w, https:\/\/www.buroperiodistico.com.mx\/wp-content\/uploads\/2025\/11\/CPox-IIIII-11-300x200.jpeg 300w\" sizes=\"auto, (max-width: 640px) 100vw, 640px\" \/> <img loading=\"lazy\" decoding=\"async\" class=\"aligncenter size-full wp-image-188980\" src=\"https:\/\/www.buroperiodistico.com.mx\/wp-content\/uploads\/2025\/11\/CPox-IIII-13.jpeg\" alt=\"\" width=\"640\" height=\"427\" srcset=\"https:\/\/www.buroperiodistico.com.mx\/wp-content\/uploads\/2025\/11\/CPox-IIII-13.jpeg 640w, https:\/\/www.buroperiodistico.com.mx\/wp-content\/uploads\/2025\/11\/CPox-IIII-13-300x200.jpeg 300w\" sizes=\"auto, (max-width: 640px) 100vw, 640px\" \/> <img loading=\"lazy\" decoding=\"async\" class=\"aligncenter size-full wp-image-188979\" src=\"https:\/\/www.buroperiodistico.com.mx\/wp-content\/uploads\/2025\/11\/CPox-III-13.jpeg\" alt=\"\" width=\"640\" height=\"427\" srcset=\"https:\/\/www.buroperiodistico.com.mx\/wp-content\/uploads\/2025\/11\/CPox-III-13.jpeg 640w, https:\/\/www.buroperiodistico.com.mx\/wp-content\/uploads\/2025\/11\/CPox-III-13-300x200.jpeg 300w\" sizes=\"auto, (max-width: 640px) 100vw, 640px\" \/> <img loading=\"lazy\" decoding=\"async\" class=\"aligncenter size-full wp-image-188978\" src=\"https:\/\/www.buroperiodistico.com.mx\/wp-content\/uploads\/2025\/11\/CPox-II-13.jpeg\" alt=\"\" width=\"640\" height=\"427\" srcset=\"https:\/\/www.buroperiodistico.com.mx\/wp-content\/uploads\/2025\/11\/CPox-II-13.jpeg 640w, https:\/\/www.buroperiodistico.com.mx\/wp-content\/uploads\/2025\/11\/CPox-II-13-300x200.jpeg 300w\" sizes=\"auto, (max-width: 640px) 100vw, 640px\" \/><\/p>\n","protected":false},"excerpt":{"rendered":"<p>Reynosa, Tam (23-Noviembre-2025).- Inaugurando la Techumbre Met\u00e1lica en la escuela primaria Aquiles Serd\u00e1n, de la&#8230;<\/p>\n","protected":false},"author":1,"featured_media":188984,"comment_status":"closed","ping_status":"closed","sticky":false,"template":"","format":"standard","meta":{"footnotes":"","jetpack_publicize_message":"","jetpack_publicize_feature_enabled":true,"jetpack_social_post_already_shared":true,"jetpack_social_options":{"image_generator_settings":{"template":"highway","default_image_id":0,"font":"","enabled":false},"version":2}},"categories":[25,9],"tags":[],"class_list":["post-188976","post","type-post","status-publish","format-standard","has-post-thumbnail","hentry","category-portada","category-reynosa"],"jetpack_publicize_connections":[],"_links":{"self":[{"href":"https:\/\/www.buroperiodistico.com.mx\/index.php?rest_route=\/wp\/v2\/posts\/188976","targetHints":{"allow":["GET"]}}],"collection":[{"href":"https:\/\/www.buroperiodistico.com.mx\/index.php?rest_route=\/wp\/v2\/posts"}],"about":[{"href":"https:\/\/www.buroperiodistico.com.mx\/index.php?rest_route=\/wp\/v2\/types\/post"}],"author":[{"embeddable":true,"href":"https:\/\/www.buroperiodistico.com.mx\/index.php?rest_route=\/wp\/v2\/users\/1"}],"replies":[{"embeddable":true,"href":"https:\/\/www.buroperiodistico.com.mx\/index.php?rest_route=%2Fwp%2Fv2%2Fcomments&post=188976"}],"version-history":[{"count":0,"href":"https:\/\/www.buroperiodistico.com.mx\/index.php?rest_route=\/wp\/v2\/posts\/188976\/revisions"}],"wp:featuredmedia":[{"embeddable":true,"href":"https:\/\/www.buroperiodistico.com.mx\/index.php?rest_route=\/wp\/v2\/media\/188984"}],"wp:attachment":[{"href":"https:\/\/www.buroperiodistico.com.mx\/index.php?rest_route=%2Fwp%2Fv2%2Fmedia&parent=188976"}],"wp:term":[{"taxonomy":"category","embeddable":true,"href":"https:\/\/www.buroperiodistico.com.mx\/index.php?rest_route=%2Fwp%2Fv2%2Fcategories&post=188976"},{"taxonomy":"post_tag","embeddable":true,"href":"https:\/\/www.buroperiodistico.com.mx\/index.php?rest_route=%2Fwp%2Fv2%2Ftags&post=188976"}],"curies":[{"name":"wp","href":"https:\/\/api.w.org\/{rel}","templated":true}]}}