{"id":188958,"date":"2025-11-23T11:43:52","date_gmt":"2025-11-23T17:43:52","guid":{"rendered":"https:\/\/www.buroperiodistico.com.mx\/?p=188958"},"modified":"2025-11-23T11:43:52","modified_gmt":"2025-11-23T17:43:52","slug":"llegara-brigada-de-dif-reynosa-con-servicios-gratuitos-a-la-colonia-capitan-carlos-cantu","status":"publish","type":"post","link":"https:\/\/www.buroperiodistico.com.mx\/?p=188958","title":{"rendered":"Llegar\u00e1 Brigada de DIF-Reynosa con servicios gratuitos a la colonia Capit\u00e1n Carlos Cant\u00fa"},"content":{"rendered":"<p><em><strong>Reynosa, Tam (23-Noviembre-2025).-<\/strong><\/em> Por instrucciones del Alcalde, Carlos Pe\u00f1a Ortiz, el Sistema DIF-Reynosa, llevar\u00e1 este martes 25 de noviembre una brigada a la colonia Capit\u00e1n Carlos Cant\u00fa, con el prop\u00f3sito de acercar servicios y ofrecer atenci\u00f3n directa a las familias.<\/p>\n<p>\u00abDIF en Tu Colonia\u00bb, se desarrollar\u00e1 en el \u00e1rea verde ubicada en calle Tercera, esquina con Mat\u00edas Romero, a partir de las 8:00 de la ma\u00f1ana, donde el organismo asistencial que preside Carlos Luis Pe\u00f1a Garza, ofrecer\u00e1 de manera gratuita consultas m\u00e9dicas y dentales, corte de cabello, entrega de aparatos funcionales, productos de limpieza para el hogar, Merca-DIF, entre otros servicios Municipales.<\/p>\n<p>El DIF-Reynosa mantiene la cercan\u00eda con la poblaci\u00f3n a trav\u00e9s de estas brigadas que se realizan los martes en diversas colonias de la ciudad, brindando todos los servicios, as\u00ed como informaci\u00f3n de los programas.<\/p>\n<p><img loading=\"lazy\" decoding=\"async\" class=\"aligncenter size-full wp-image-188959\" src=\"https:\/\/www.buroperiodistico.com.mx\/wp-content\/uploads\/2025\/11\/DIFx-4.jpg\" alt=\"\" width=\"1110\" height=\"600\" srcset=\"https:\/\/www.buroperiodistico.com.mx\/wp-content\/uploads\/2025\/11\/DIFx-4.jpg 1110w, https:\/\/www.buroperiodistico.com.mx\/wp-content\/uploads\/2025\/11\/DIFx-4-300x162.jpg 300w, https:\/\/www.buroperiodistico.com.mx\/wp-content\/uploads\/2025\/11\/DIFx-4-1024x554.jpg 1024w, https:\/\/www.buroperiodistico.com.mx\/wp-content\/uploads\/2025\/11\/DIFx-4-768x415.jpg 768w\" sizes=\"auto, (max-width: 1110px) 100vw, 1110px\" \/><\/p>\n","protected":false},"excerpt":{"rendered":"<p>Reynosa, Tam (23-Noviembre-2025).- Por instrucciones del Alcalde, Carlos Pe\u00f1a Ortiz, el Sistema DIF-Reynosa, llevar\u00e1 este&#8230;<\/p>\n","protected":false},"author":1,"featured_media":188959,"comment_status":"closed","ping_status":"closed","sticky":false,"template":"","format":"standard","meta":{"footnotes":"","jetpack_publicize_message":"","jetpack_publicize_feature_enabled":true,"jetpack_social_post_already_shared":true,"jetpack_social_options":{"image_generator_settings":{"template":"highway","default_image_id":0,"font":"","enabled":false},"version":2}},"categories":[9],"tags":[],"class_list":["post-188958","post","type-post","status-publish","format-standard","has-post-thumbnail","hentry","category-reynosa"],"jetpack_publicize_connections":[],"_links":{"self":[{"href":"https:\/\/www.buroperiodistico.com.mx\/index.php?rest_route=\/wp\/v2\/posts\/188958","targetHints":{"allow":["GET"]}}],"collection":[{"href":"https:\/\/www.buroperiodistico.com.mx\/index.php?rest_route=\/wp\/v2\/posts"}],"about":[{"href":"https:\/\/www.buroperiodistico.com.mx\/index.php?rest_route=\/wp\/v2\/types\/post"}],"author":[{"embeddable":true,"href":"https:\/\/www.buroperiodistico.com.mx\/index.php?rest_route=\/wp\/v2\/users\/1"}],"replies":[{"embeddable":true,"href":"https:\/\/www.buroperiodistico.com.mx\/index.php?rest_route=%2Fwp%2Fv2%2Fcomments&post=188958"}],"version-history":[{"count":0,"href":"https:\/\/www.buroperiodistico.com.mx\/index.php?rest_route=\/wp\/v2\/posts\/188958\/revisions"}],"wp:featuredmedia":[{"embeddable":true,"href":"https:\/\/www.buroperiodistico.com.mx\/index.php?rest_route=\/wp\/v2\/media\/188959"}],"wp:attachment":[{"href":"https:\/\/www.buroperiodistico.com.mx\/index.php?rest_route=%2Fwp%2Fv2%2Fmedia&parent=188958"}],"wp:term":[{"taxonomy":"category","embeddable":true,"href":"https:\/\/www.buroperiodistico.com.mx\/index.php?rest_route=%2Fwp%2Fv2%2Fcategories&post=188958"},{"taxonomy":"post_tag","embeddable":true,"href":"https:\/\/www.buroperiodistico.com.mx\/index.php?rest_route=%2Fwp%2Fv2%2Ftags&post=188958"}],"curies":[{"name":"wp","href":"https:\/\/api.w.org\/{rel}","templated":true}]}}