{"id":188689,"date":"2025-11-21T12:28:28","date_gmt":"2025-11-21T18:28:28","guid":{"rendered":"https:\/\/www.buroperiodistico.com.mx\/?p=188689"},"modified":"2025-11-21T12:28:28","modified_gmt":"2025-11-21T18:28:28","slug":"ofrece-gobierno-de-carlos-pena-ortiz-descuento-de-recargos-del-predial","status":"publish","type":"post","link":"https:\/\/www.buroperiodistico.com.mx\/?p=188689","title":{"rendered":"Ofrece Gobierno de Carlos Pe\u00f1a Ortiz descuento de recargos del Predial"},"content":{"rendered":"<ul>\n<li><strong><em>La promoci\u00f3n del 100% de recargos ser\u00e1 vigente durante noviembre y diciembre.<\/em><\/strong><\/li>\n<\/ul>\n<p><strong>Reynosa, Tam (21-Noviembre-2025).-<\/strong> El Gobierno del Presidente Carlos Pe\u00f1a Ortiz ofrece la promoci\u00f3n en el Impuesto Predial, del 100% de condonaci\u00f3n de recargos durante noviembre y diciembre, descuento que puede ser obtenido en las cajas de Finanzas y Tesorer\u00eda, oficinas for\u00e1neas de COMAPA, cajeros autom\u00e1ticos del Ayuntamiento y p\u00e1gina web del Municipio.<\/p>\n<p>Esta es una oportunidad para que los propietarios de predios urbanos, suburbanos y r\u00fasticos liquiden sus adeudos con beneficio a la econom\u00eda familiar, al recibir el descuento en las cajas de la planta baja del edificio del Ayuntamiento, de lunes a viernes de 8:00 A. M. a 4:00 P. M.<\/p>\n<p>El beneficio tambi\u00e9n puede obtenerse en sucursales de la COMAPA, en las plazas comerciales Del R\u00edo, Sendero y Plaza Real de 9:00 A. M. a 2:30 P. M., as\u00ed como en la plaza del arte Jarachina ; en los cajeros municipales de Seguridad P\u00fablica del bulevar Morelos y acceso a la Presidencia Municipal las 24 horas; cajero del Polideportivo, de 8:00 a 16:00 horas y cajero de Sendero Perif\u00e9rico de 8:00 a 23:00 horas.<\/p>\n<p>#ReynosaImparable<br \/>\n#GobiernoMunicipalDeReynosa<\/p>\n<p><img loading=\"lazy\" decoding=\"async\" class=\"aligncenter size-full wp-image-188690\" src=\"https:\/\/www.buroperiodistico.com.mx\/wp-content\/uploads\/2025\/11\/Promx.jpg\" alt=\"\" width=\"1110\" height=\"600\" srcset=\"https:\/\/www.buroperiodistico.com.mx\/wp-content\/uploads\/2025\/11\/Promx.jpg 1110w, https:\/\/www.buroperiodistico.com.mx\/wp-content\/uploads\/2025\/11\/Promx-300x162.jpg 300w, https:\/\/www.buroperiodistico.com.mx\/wp-content\/uploads\/2025\/11\/Promx-1024x554.jpg 1024w, https:\/\/www.buroperiodistico.com.mx\/wp-content\/uploads\/2025\/11\/Promx-768x415.jpg 768w\" sizes=\"auto, (max-width: 1110px) 100vw, 1110px\" \/><\/p>\n","protected":false},"excerpt":{"rendered":"<p>La promoci\u00f3n del 100% de recargos ser\u00e1 vigente durante noviembre y diciembre. Reynosa, Tam (21-Noviembre-2025).-&#8230;<\/p>\n","protected":false},"author":1,"featured_media":188690,"comment_status":"closed","ping_status":"closed","sticky":false,"template":"","format":"standard","meta":{"footnotes":"","jetpack_publicize_message":"","jetpack_publicize_feature_enabled":true,"jetpack_social_post_already_shared":true,"jetpack_social_options":{"image_generator_settings":{"template":"highway","default_image_id":0,"font":"","enabled":false},"version":2}},"categories":[9],"tags":[],"class_list":["post-188689","post","type-post","status-publish","format-standard","has-post-thumbnail","hentry","category-reynosa"],"jetpack_publicize_connections":[],"_links":{"self":[{"href":"https:\/\/www.buroperiodistico.com.mx\/index.php?rest_route=\/wp\/v2\/posts\/188689","targetHints":{"allow":["GET"]}}],"collection":[{"href":"https:\/\/www.buroperiodistico.com.mx\/index.php?rest_route=\/wp\/v2\/posts"}],"about":[{"href":"https:\/\/www.buroperiodistico.com.mx\/index.php?rest_route=\/wp\/v2\/types\/post"}],"author":[{"embeddable":true,"href":"https:\/\/www.buroperiodistico.com.mx\/index.php?rest_route=\/wp\/v2\/users\/1"}],"replies":[{"embeddable":true,"href":"https:\/\/www.buroperiodistico.com.mx\/index.php?rest_route=%2Fwp%2Fv2%2Fcomments&post=188689"}],"version-history":[{"count":0,"href":"https:\/\/www.buroperiodistico.com.mx\/index.php?rest_route=\/wp\/v2\/posts\/188689\/revisions"}],"wp:featuredmedia":[{"embeddable":true,"href":"https:\/\/www.buroperiodistico.com.mx\/index.php?rest_route=\/wp\/v2\/media\/188690"}],"wp:attachment":[{"href":"https:\/\/www.buroperiodistico.com.mx\/index.php?rest_route=%2Fwp%2Fv2%2Fmedia&parent=188689"}],"wp:term":[{"taxonomy":"category","embeddable":true,"href":"https:\/\/www.buroperiodistico.com.mx\/index.php?rest_route=%2Fwp%2Fv2%2Fcategories&post=188689"},{"taxonomy":"post_tag","embeddable":true,"href":"https:\/\/www.buroperiodistico.com.mx\/index.php?rest_route=%2Fwp%2Fv2%2Ftags&post=188689"}],"curies":[{"name":"wp","href":"https:\/\/api.w.org\/{rel}","templated":true}]}}