{"id":188686,"date":"2025-11-21T12:24:42","date_gmt":"2025-11-21T18:24:42","guid":{"rendered":"https:\/\/www.buroperiodistico.com.mx\/?p=188686"},"modified":"2025-11-21T12:24:42","modified_gmt":"2025-11-21T18:24:42","slug":"invita-dif-reynosa-a-venta-de-manualidades-en-apoyo-de-abuelitas-de-casas-club","status":"publish","type":"post","link":"https:\/\/www.buroperiodistico.com.mx\/?p=188686","title":{"rendered":"Invita DIF-Reynosa a venta de manualidades en apoyo de abuelitas de Casas Club"},"content":{"rendered":"<ul>\n<li><strong><em>Es este s\u00e1bado 22 de noviembre.<\/em><\/strong><\/li>\n<\/ul>\n<p><strong>Reynosa, Tam (21-Noviembre-2025).-<\/strong> El Sistema DIF-Reynosa que preside Carlos Luis Pe\u00f1a Garza, invita a la ciudadan\u00eda a sumarse y apoyar el trabajo creativo de las abuelitas de Casas Club, en la venta de manualidades que se llevar\u00e1 a cabo este s\u00e1bado 22 de noviembre en Plaza Del R\u00edo, en el bulevar Morelos, donde las participantes ofrecer\u00e1n art\u00edculos elaborados con dedicaci\u00f3n y amor.<\/p>\n<p>Como parte del evento, se presentar\u00e1n bailes tradicionales mexicanos preparados por las propias integrantes de Casas Club: la cita es de 1:00 de la tarde a 3:00 de la tarde en Plaza Del R\u00edo, a un costado de Cin\u00e9polis.<\/p>\n<p>El DIF-Reynosa contin\u00faa promoviendo espacios de integraci\u00f3n para las personas adultas mayores, reconociendo su aportaci\u00f3n social, brindando actividades que fortalecen su bienestar y calidad de vida, por lo que invita a participar en la venta de manualidades.<\/p>\n<p><img loading=\"lazy\" decoding=\"async\" class=\"aligncenter size-full wp-image-188687\" src=\"https:\/\/www.buroperiodistico.com.mx\/wp-content\/uploads\/2025\/11\/Invitax.jpg\" alt=\"\" width=\"1110\" height=\"600\" srcset=\"https:\/\/www.buroperiodistico.com.mx\/wp-content\/uploads\/2025\/11\/Invitax.jpg 1110w, https:\/\/www.buroperiodistico.com.mx\/wp-content\/uploads\/2025\/11\/Invitax-300x162.jpg 300w, https:\/\/www.buroperiodistico.com.mx\/wp-content\/uploads\/2025\/11\/Invitax-1024x554.jpg 1024w, https:\/\/www.buroperiodistico.com.mx\/wp-content\/uploads\/2025\/11\/Invitax-768x415.jpg 768w\" sizes=\"auto, (max-width: 1110px) 100vw, 1110px\" \/><\/p>\n","protected":false},"excerpt":{"rendered":"<p>Es este s\u00e1bado 22 de noviembre. Reynosa, Tam (21-Noviembre-2025).- El Sistema DIF-Reynosa que preside Carlos&#8230;<\/p>\n","protected":false},"author":1,"featured_media":188687,"comment_status":"closed","ping_status":"closed","sticky":false,"template":"","format":"standard","meta":{"footnotes":"","jetpack_publicize_message":"","jetpack_publicize_feature_enabled":true,"jetpack_social_post_already_shared":true,"jetpack_social_options":{"image_generator_settings":{"template":"highway","default_image_id":0,"font":"","enabled":false},"version":2}},"categories":[9],"tags":[],"class_list":["post-188686","post","type-post","status-publish","format-standard","has-post-thumbnail","hentry","category-reynosa"],"jetpack_publicize_connections":[],"_links":{"self":[{"href":"https:\/\/www.buroperiodistico.com.mx\/index.php?rest_route=\/wp\/v2\/posts\/188686","targetHints":{"allow":["GET"]}}],"collection":[{"href":"https:\/\/www.buroperiodistico.com.mx\/index.php?rest_route=\/wp\/v2\/posts"}],"about":[{"href":"https:\/\/www.buroperiodistico.com.mx\/index.php?rest_route=\/wp\/v2\/types\/post"}],"author":[{"embeddable":true,"href":"https:\/\/www.buroperiodistico.com.mx\/index.php?rest_route=\/wp\/v2\/users\/1"}],"replies":[{"embeddable":true,"href":"https:\/\/www.buroperiodistico.com.mx\/index.php?rest_route=%2Fwp%2Fv2%2Fcomments&post=188686"}],"version-history":[{"count":0,"href":"https:\/\/www.buroperiodistico.com.mx\/index.php?rest_route=\/wp\/v2\/posts\/188686\/revisions"}],"wp:featuredmedia":[{"embeddable":true,"href":"https:\/\/www.buroperiodistico.com.mx\/index.php?rest_route=\/wp\/v2\/media\/188687"}],"wp:attachment":[{"href":"https:\/\/www.buroperiodistico.com.mx\/index.php?rest_route=%2Fwp%2Fv2%2Fmedia&parent=188686"}],"wp:term":[{"taxonomy":"category","embeddable":true,"href":"https:\/\/www.buroperiodistico.com.mx\/index.php?rest_route=%2Fwp%2Fv2%2Fcategories&post=188686"},{"taxonomy":"post_tag","embeddable":true,"href":"https:\/\/www.buroperiodistico.com.mx\/index.php?rest_route=%2Fwp%2Fv2%2Ftags&post=188686"}],"curies":[{"name":"wp","href":"https:\/\/api.w.org\/{rel}","templated":true}]}}