{"id":188667,"date":"2025-11-20T19:54:06","date_gmt":"2025-11-21T01:54:06","guid":{"rendered":"https:\/\/www.buroperiodistico.com.mx\/?p=188667"},"modified":"2025-11-20T19:54:06","modified_gmt":"2025-11-21T01:54:06","slug":"llegan-apoyos-sociales-a-burgos-y-cruillas","status":"publish","type":"post","link":"https:\/\/www.buroperiodistico.com.mx\/?p=188667","title":{"rendered":"Llegan apoyos sociales a Burgos y Cruillas"},"content":{"rendered":"<p><em><strong><img loading=\"lazy\" decoding=\"async\" class=\" wp-image-188671 alignright\" src=\"https:\/\/www.buroperiodistico.com.mx\/wp-content\/uploads\/2025\/11\/SBSCruillas.jpeg\" alt=\"\" width=\"516\" height=\"318\" srcset=\"https:\/\/www.buroperiodistico.com.mx\/wp-content\/uploads\/2025\/11\/SBSCruillas.jpeg 1024w, https:\/\/www.buroperiodistico.com.mx\/wp-content\/uploads\/2025\/11\/SBSCruillas-300x185.jpeg 300w, https:\/\/www.buroperiodistico.com.mx\/wp-content\/uploads\/2025\/11\/SBSCruillas-768x474.jpeg 768w\" sizes=\"auto, (max-width: 516px) 100vw, 516px\" \/>Burgos, Tamaulipas (20-Noviembre-2025).-<\/strong><\/em> Tras resaltar el liderazgo del gobernador Am\u00e9rico Villarreal Anaya en la implementaci\u00f3n de pol\u00edticas p\u00fablicas dirigidas a los sectores m\u00e1s vulnerables de la entidad, la secretaria de Bienestar Social, Silvia Casas Gonz\u00e1lez hizo entrega de apoyos sociales a los beneficiarios de los programas \u201cTransformando tu Comunidad\u201d y \u201cAtenci\u00f3n Ciudadana para el Bienestar\u201d, en una gira de trabajo realizada en los municipios de Cruillas y Burgos.<\/p>\n<p>Primeramente, en la cabecera municipal de Cruillas, Casas Gonz\u00e1lez dijo a los presentes que de acuerdo con la agenda de la presidenta de M\u00e9xico Claudia Sheinbaum Pardo, el gobernador de Tamaulipas Am\u00e9rico Villarreal Anaya mantiene y aumenta los programas sociales en favor de las familias vulnerables.<\/p>\n<p>En este sentido y ante la presidenta municipal de Cruillas, Diana Vanessa Leal L\u00f3pez, anunci\u00f3 la pr\u00f3xima cobertura del servicio de energ\u00eda el\u00e9ctrica, bien sea a trav\u00e9s de la red de la Comisi\u00f3n Federal de Electricidad o por medio de los sistemas aislados que son las celdas fotovoltaicas, un programa que contempla a todas las comunidades del estado, de tal manera que se tendr\u00e1 cobertura al 100 por ciento antes de que concluya la presente administraci\u00f3n gubernamental.<\/p>\n<p>Tambi\u00e9n inform\u00f3 de la indicaci\u00f3n del gobernador para que se incremente el n\u00famero de beneficiarios del programa \u201cAlimentando tu Bienestar\u201d, el cual actualmente llega a 395 familias de Cruillas y a m\u00e1s de 284 mil 700 personas en su padr\u00f3n estatal, mismo que pasar\u00e1 a una cifra mayor tras el levantamiento del censo de las familias que lo requieren, una acci\u00f3n que se repetir\u00e1 en todos los municipios del estado.<\/p>\n<p>Ante las y los beneficiarios y otras autoridades presentes, se hizo entrega de 25 tinacos, paquetes alimentarios y cobijas, para posteriormente trasladarse al ejido L\u00e1zaro C\u00e1rdenas del municipio de Burgos, a donde se llevaron de 50 paquetes alimentarios del programa \u201cAlimentando tu Bienestar\u201d, as\u00ed como 25 tinacos del programa \u201cAtenci\u00f3n Ciudadana para el Bienestar Social\u201d.<\/p>\n<p>En esta comunidad ejidal, la bienvenida estuvo a cargo del presidente municipal de Burgos, Marco Polo Garza Mart\u00ednez, quien junto a la comunidad educativa de la Escuela Primaria \u201cCap. Emilio Carranza de Burgos\u201d y beneficiarios de los programas sociales, particip\u00f3 de la supervisi\u00f3n de actividades del programa \u201cEmpleando Bienestar\u201d, efectuada por la titular de SEBIEN Silvia Casas Gonz\u00e1lez.<\/p>\n<p>En esta jornada estuvieron presentes H\u00e9ctor Flavio Hern\u00e1ndez, gestor de Bienestar de la SEBIEN; Cruz Salinas P\u00e9rez, director regional; Jos\u00e9 Valent\u00edn V\u00e9lez Cant\u00fa, delegado de los municipios de San Fernando, M\u00e9ndez, Burgos y Cruillas; los enlaces del DIF Cruillas, Alhel\u00ed D\u00e1vila Adame y de Burgos, Lizeth Gonz\u00e1lez Robles, respectivamente y Carmen Garc\u00eda, directora de la Escuela Primaria \u201cCap. Emilio Carranza de Burgos\u201d.<\/p>\n<p><img loading=\"lazy\" decoding=\"async\" class=\"aligncenter size-full wp-image-188668\" src=\"https:\/\/www.buroperiodistico.com.mx\/wp-content\/uploads\/2025\/11\/SBSCruillas-I.jpeg\" alt=\"\" width=\"640\" height=\"426\" srcset=\"https:\/\/www.buroperiodistico.com.mx\/wp-content\/uploads\/2025\/11\/SBSCruillas-I.jpeg 640w, https:\/\/www.buroperiodistico.com.mx\/wp-content\/uploads\/2025\/11\/SBSCruillas-I-300x200.jpeg 300w\" sizes=\"auto, (max-width: 640px) 100vw, 640px\" \/> <img loading=\"lazy\" decoding=\"async\" class=\"aligncenter size-full wp-image-188670\" src=\"https:\/\/www.buroperiodistico.com.mx\/wp-content\/uploads\/2025\/11\/SBSCruillas-III.jpeg\" alt=\"\" width=\"640\" height=\"426\" srcset=\"https:\/\/www.buroperiodistico.com.mx\/wp-content\/uploads\/2025\/11\/SBSCruillas-III.jpeg 640w, https:\/\/www.buroperiodistico.com.mx\/wp-content\/uploads\/2025\/11\/SBSCruillas-III-300x200.jpeg 300w\" sizes=\"auto, (max-width: 640px) 100vw, 640px\" \/> <img loading=\"lazy\" decoding=\"async\" class=\"aligncenter size-full wp-image-188669\" src=\"https:\/\/www.buroperiodistico.com.mx\/wp-content\/uploads\/2025\/11\/SBSCruillas-II.jpeg\" alt=\"\" width=\"640\" height=\"447\" srcset=\"https:\/\/www.buroperiodistico.com.mx\/wp-content\/uploads\/2025\/11\/SBSCruillas-II.jpeg 640w, https:\/\/www.buroperiodistico.com.mx\/wp-content\/uploads\/2025\/11\/SBSCruillas-II-300x210.jpeg 300w\" sizes=\"auto, (max-width: 640px) 100vw, 640px\" \/><\/p>\n","protected":false},"excerpt":{"rendered":"<p>Burgos, Tamaulipas (20-Noviembre-2025).- Tras resaltar el liderazgo del gobernador Am\u00e9rico Villarreal Anaya en la implementaci\u00f3n&#8230;<\/p>\n","protected":false},"author":1,"featured_media":188671,"comment_status":"closed","ping_status":"closed","sticky":false,"template":"","format":"standard","meta":{"footnotes":"","jetpack_publicize_message":"","jetpack_publicize_feature_enabled":true,"jetpack_social_post_already_shared":true,"jetpack_social_options":{"image_generator_settings":{"template":"highway","default_image_id":0,"font":"","enabled":false},"version":2}},"categories":[10],"tags":[],"class_list":["post-188667","post","type-post","status-publish","format-standard","has-post-thumbnail","hentry","category-tamaulipas"],"jetpack_publicize_connections":[],"_links":{"self":[{"href":"https:\/\/www.buroperiodistico.com.mx\/index.php?rest_route=\/wp\/v2\/posts\/188667","targetHints":{"allow":["GET"]}}],"collection":[{"href":"https:\/\/www.buroperiodistico.com.mx\/index.php?rest_route=\/wp\/v2\/posts"}],"about":[{"href":"https:\/\/www.buroperiodistico.com.mx\/index.php?rest_route=\/wp\/v2\/types\/post"}],"author":[{"embeddable":true,"href":"https:\/\/www.buroperiodistico.com.mx\/index.php?rest_route=\/wp\/v2\/users\/1"}],"replies":[{"embeddable":true,"href":"https:\/\/www.buroperiodistico.com.mx\/index.php?rest_route=%2Fwp%2Fv2%2Fcomments&post=188667"}],"version-history":[{"count":0,"href":"https:\/\/www.buroperiodistico.com.mx\/index.php?rest_route=\/wp\/v2\/posts\/188667\/revisions"}],"wp:featuredmedia":[{"embeddable":true,"href":"https:\/\/www.buroperiodistico.com.mx\/index.php?rest_route=\/wp\/v2\/media\/188671"}],"wp:attachment":[{"href":"https:\/\/www.buroperiodistico.com.mx\/index.php?rest_route=%2Fwp%2Fv2%2Fmedia&parent=188667"}],"wp:term":[{"taxonomy":"category","embeddable":true,"href":"https:\/\/www.buroperiodistico.com.mx\/index.php?rest_route=%2Fwp%2Fv2%2Fcategories&post=188667"},{"taxonomy":"post_tag","embeddable":true,"href":"https:\/\/www.buroperiodistico.com.mx\/index.php?rest_route=%2Fwp%2Fv2%2Ftags&post=188667"}],"curies":[{"name":"wp","href":"https:\/\/api.w.org\/{rel}","templated":true}]}}