{"id":188656,"date":"2025-11-20T19:44:44","date_gmt":"2025-11-21T01:44:44","guid":{"rendered":"https:\/\/www.buroperiodistico.com.mx\/?p=188656"},"modified":"2025-11-20T19:44:44","modified_gmt":"2025-11-21T01:44:44","slug":"brinda-gobierno-del-estado-certeza-laboral-a-108-servidores-publicos","status":"publish","type":"post","link":"https:\/\/www.buroperiodistico.com.mx\/?p=188656","title":{"rendered":"Brinda Gobierno del Estado certeza laboral a 108 servidores p\u00fablicos"},"content":{"rendered":"<p><strong><em><img loading=\"lazy\" decoding=\"async\" class=\" wp-image-188662 alignright\" src=\"https:\/\/www.buroperiodistico.com.mx\/wp-content\/uploads\/2025\/11\/SADpublicos.jpeg\" alt=\"\" width=\"433\" height=\"265\" srcset=\"https:\/\/www.buroperiodistico.com.mx\/wp-content\/uploads\/2025\/11\/SADpublicos.jpeg 1024w, https:\/\/www.buroperiodistico.com.mx\/wp-content\/uploads\/2025\/11\/SADpublicos-300x183.jpeg 300w, https:\/\/www.buroperiodistico.com.mx\/wp-content\/uploads\/2025\/11\/SADpublicos-768x470.jpeg 768w\" sizes=\"auto, (max-width: 433px) 100vw, 433px\" \/>Ciudad Victoria, Tamaulipas (20-Noviembre-2025).-<\/em><\/strong> Con la finalidad de reconocer la trayectoria y el esfuerzo del personal del Gobierno del Estado, se entregaron 108 nombramientos a las y los servidores p\u00fablicos que accedieron a una categor\u00eda sindical durante el presente a\u00f1o, mediante movimiento escalafonario o por asignaci\u00f3n preferente de plaza a hijos o c\u00f3nyuges de trabajadores de base sindical. Cabe se\u00f1alar que estas no son plazas de nueva creaci\u00f3n, sino un reconocimiento a la trayectoria de los trabajadores.<\/p>\n<p>En el evento estuvo presente la Laura Olivia Villarreal Castillo, directora general de Recursos Humanos de la Secretar\u00eda de Administraci\u00f3n, en representaci\u00f3n de Luisa Eugenia Manautou Galv\u00e1n, secretaria de Administraci\u00f3n y Blanca Guadalupe Valles Rodr\u00edguez, secretaria general del Sindicato Unido de Trabajadores al Servicio de los Poderes del Estado de Tamaulipas (SUTSPET).<\/p>\n<p>Durante la entrega se destac\u00f3 que estos nombramientos corresponden a procesos escalafonarios regulados por la normatividad vigente, garantizando transparencia, certeza y, sobre todo, el fortalecimiento de la justicia laboral, al asegurar que cada ascenso o asignaci\u00f3n se otorgue con criterios claros, justos y en estricto apego a derecho.<\/p>\n<p>Las asignaciones se sustentan en la Ley del Trabajo de los Servidores P\u00fablicos del Estado de Tamaulipas, la Ley Org\u00e1nica de la Administraci\u00f3n P\u00fablica y el Reglamento de Condiciones Generales de Trabajo.<\/p>\n<p>En particular, el Art\u00edculo 57 de la Ley del Trabajo de los Servidores P\u00fablicos del Estado de Tamaulipas el cual establece la cobertura de vacantes conforme al escalaf\u00f3n y la preferencia para familiares directos cuando procede, garantizando igualdad de oportunidades y legalidad en cada proceso.<\/p>\n<p>Villarreal Castillo se\u00f1al\u00f3 que desde la Secretar\u00eda de Administraci\u00f3n se reitera el compromiso de continuar impulsando la justicia laboral, trabajando por un Tamaulipas m\u00e1s fuerte, m\u00e1s justo y m\u00e1s humano.<\/p>\n<p><img loading=\"lazy\" decoding=\"async\" class=\"aligncenter size-full wp-image-188657\" src=\"https:\/\/www.buroperiodistico.com.mx\/wp-content\/uploads\/2025\/11\/SADpublicos-I.jpeg\" alt=\"\" width=\"640\" height=\"426\" srcset=\"https:\/\/www.buroperiodistico.com.mx\/wp-content\/uploads\/2025\/11\/SADpublicos-I.jpeg 640w, https:\/\/www.buroperiodistico.com.mx\/wp-content\/uploads\/2025\/11\/SADpublicos-I-300x200.jpeg 300w\" sizes=\"auto, (max-width: 640px) 100vw, 640px\" \/> <img loading=\"lazy\" decoding=\"async\" class=\"aligncenter size-full wp-image-188661\" src=\"https:\/\/www.buroperiodistico.com.mx\/wp-content\/uploads\/2025\/11\/SADpublicos-IIIII.jpeg\" alt=\"\" width=\"640\" height=\"427\" srcset=\"https:\/\/www.buroperiodistico.com.mx\/wp-content\/uploads\/2025\/11\/SADpublicos-IIIII.jpeg 640w, https:\/\/www.buroperiodistico.com.mx\/wp-content\/uploads\/2025\/11\/SADpublicos-IIIII-300x200.jpeg 300w\" sizes=\"auto, (max-width: 640px) 100vw, 640px\" \/> <img loading=\"lazy\" decoding=\"async\" class=\"aligncenter size-full wp-image-188660\" src=\"https:\/\/www.buroperiodistico.com.mx\/wp-content\/uploads\/2025\/11\/SADpublicos-IIII.jpeg\" alt=\"\" width=\"640\" height=\"427\" srcset=\"https:\/\/www.buroperiodistico.com.mx\/wp-content\/uploads\/2025\/11\/SADpublicos-IIII.jpeg 640w, https:\/\/www.buroperiodistico.com.mx\/wp-content\/uploads\/2025\/11\/SADpublicos-IIII-300x200.jpeg 300w\" sizes=\"auto, (max-width: 640px) 100vw, 640px\" \/> <img loading=\"lazy\" decoding=\"async\" class=\"aligncenter size-full wp-image-188659\" src=\"https:\/\/www.buroperiodistico.com.mx\/wp-content\/uploads\/2025\/11\/SADpublicos-III.jpeg\" alt=\"\" width=\"640\" height=\"427\" srcset=\"https:\/\/www.buroperiodistico.com.mx\/wp-content\/uploads\/2025\/11\/SADpublicos-III.jpeg 640w, https:\/\/www.buroperiodistico.com.mx\/wp-content\/uploads\/2025\/11\/SADpublicos-III-300x200.jpeg 300w\" sizes=\"auto, (max-width: 640px) 100vw, 640px\" \/> <img loading=\"lazy\" decoding=\"async\" class=\"aligncenter size-full wp-image-188658\" src=\"https:\/\/www.buroperiodistico.com.mx\/wp-content\/uploads\/2025\/11\/SADpublicos-II.jpeg\" alt=\"\" width=\"640\" height=\"427\" srcset=\"https:\/\/www.buroperiodistico.com.mx\/wp-content\/uploads\/2025\/11\/SADpublicos-II.jpeg 640w, https:\/\/www.buroperiodistico.com.mx\/wp-content\/uploads\/2025\/11\/SADpublicos-II-300x200.jpeg 300w\" sizes=\"auto, (max-width: 640px) 100vw, 640px\" \/><\/p>\n","protected":false},"excerpt":{"rendered":"<p>Ciudad Victoria, Tamaulipas (20-Noviembre-2025).- Con la finalidad de reconocer la trayectoria y el esfuerzo del&#8230;<\/p>\n","protected":false},"author":1,"featured_media":188662,"comment_status":"closed","ping_status":"closed","sticky":false,"template":"","format":"standard","meta":{"footnotes":"","jetpack_publicize_message":"","jetpack_publicize_feature_enabled":true,"jetpack_social_post_already_shared":true,"jetpack_social_options":{"image_generator_settings":{"template":"highway","default_image_id":0,"font":"","enabled":false},"version":2}},"categories":[10],"tags":[],"class_list":["post-188656","post","type-post","status-publish","format-standard","has-post-thumbnail","hentry","category-tamaulipas"],"jetpack_publicize_connections":[],"_links":{"self":[{"href":"https:\/\/www.buroperiodistico.com.mx\/index.php?rest_route=\/wp\/v2\/posts\/188656","targetHints":{"allow":["GET"]}}],"collection":[{"href":"https:\/\/www.buroperiodistico.com.mx\/index.php?rest_route=\/wp\/v2\/posts"}],"about":[{"href":"https:\/\/www.buroperiodistico.com.mx\/index.php?rest_route=\/wp\/v2\/types\/post"}],"author":[{"embeddable":true,"href":"https:\/\/www.buroperiodistico.com.mx\/index.php?rest_route=\/wp\/v2\/users\/1"}],"replies":[{"embeddable":true,"href":"https:\/\/www.buroperiodistico.com.mx\/index.php?rest_route=%2Fwp%2Fv2%2Fcomments&post=188656"}],"version-history":[{"count":0,"href":"https:\/\/www.buroperiodistico.com.mx\/index.php?rest_route=\/wp\/v2\/posts\/188656\/revisions"}],"wp:featuredmedia":[{"embeddable":true,"href":"https:\/\/www.buroperiodistico.com.mx\/index.php?rest_route=\/wp\/v2\/media\/188662"}],"wp:attachment":[{"href":"https:\/\/www.buroperiodistico.com.mx\/index.php?rest_route=%2Fwp%2Fv2%2Fmedia&parent=188656"}],"wp:term":[{"taxonomy":"category","embeddable":true,"href":"https:\/\/www.buroperiodistico.com.mx\/index.php?rest_route=%2Fwp%2Fv2%2Fcategories&post=188656"},{"taxonomy":"post_tag","embeddable":true,"href":"https:\/\/www.buroperiodistico.com.mx\/index.php?rest_route=%2Fwp%2Fv2%2Ftags&post=188656"}],"curies":[{"name":"wp","href":"https:\/\/api.w.org\/{rel}","templated":true}]}}