{"id":188323,"date":"2025-11-13T14:36:51","date_gmt":"2025-11-13T20:36:51","guid":{"rendered":"https:\/\/www.buroperiodistico.com.mx\/?p=188323"},"modified":"2025-11-19T15:02:38","modified_gmt":"2025-11-19T21:02:38","slug":"atrae-reynsoa-3-mmd-en-inversiones","status":"publish","type":"post","link":"https:\/\/www.buroperiodistico.com.mx\/?p=188323","title":{"rendered":"ATRAE REYNSOA 3 MMD EN INVERSIONES\u00a0"},"content":{"rendered":"<div class=\"x_elementToProof\">\n<ul>\n<li class=\"x_elementToProof\" data-olk-copy-source=\"MessageBody\"><strong><em>Crece la ciudad a m\u00e1s del doble de la media nacional<\/em> <\/strong><\/li>\n<\/ul>\n<div class=\"x_elementToProof\" data-olk-copy-source=\"MessageBody\"><strong><img loading=\"lazy\" decoding=\"async\" class=\" wp-image-188324 alignright\" src=\"https:\/\/www.buroperiodistico.com.mx\/wp-content\/uploads\/2025\/11\/Atraex-rotated.jpg\" alt=\"\" width=\"449\" height=\"440\" srcset=\"https:\/\/www.buroperiodistico.com.mx\/wp-content\/uploads\/2025\/11\/Atraex-rotated.jpg 783w, https:\/\/www.buroperiodistico.com.mx\/wp-content\/uploads\/2025\/11\/Atraex-300x294.jpg 300w, https:\/\/www.buroperiodistico.com.mx\/wp-content\/uploads\/2025\/11\/Atraex-768x753.jpg 768w\" sizes=\"auto, (max-width: 449px) 100vw, 449px\" \/>Por Citlali Blanco <\/strong><\/div>\n<div class=\"x_elementToProof\" data-olk-copy-source=\"MessageBody\"><strong>REYNOSA, TAM (Noviembre 13, de 2025).-<\/strong>\u00a0\u00a0La diversificaci\u00f3n de la econom\u00eda local ha permitido a la ciudad crecer muy por arriba de la media nacional impulsada por m\u00e1s de 3 mil millones de d\u00f3lares captados en inversi\u00f3n for\u00e1nea en los \u00faltimos tres a\u00f1os, revel\u00f3 Mauricio Trevi\u00f1o Garza, secretario de Desarrollo Econ\u00f3mico de Reynosa.<\/div>\n<\/div>\n<div class=\"x_elementToProof\">\n<div><\/div>\n<div class=\"x_elementToProof\">\u201cTraemos un impulso muy positivo que nos ha permitido atraer inversiones muy valiosas, nom\u00e1s en el \u00faltimo a\u00f1o se han instalado once agencias automotrices que no estaban\u201d, indic\u00f3.<\/div>\n<\/div>\n<div class=\"x_elementToProof\">\n<div><\/div>\n<div class=\"x_elementToProof\">Puntualiz\u00f3 que adem\u00e1s de la inversi\u00f3n privada, tanto nacional como extranjera, que suma los 3 mil millones de d\u00f3lares, el sector p\u00fablico tambi\u00e9n ha impulsado el desarrollo de la ciudad con obras como el gasoducto\u00a0que atraviesa la ciudad.<\/div>\n<\/div>\n<div class=\"x_elementToProof\">\n<div><\/div>\n<div class=\"x_elementToProof\">\u201cEn todo lo que ha sido las administraciones del alcalde Carlos Pe\u00f1a (empez\u00f3 en el a\u00f1o 2022) las inversiones suman\u00a0m\u00e1s de tres mil millones de d\u00f3lares, sumando ya los mil 300 de d\u00f3lares de la planta de fertilizantes\u201d, enfatiz\u00f3.<\/div>\n<\/div>\n<div class=\"x_elementToProof\">\n<div><\/div>\n<div class=\"x_elementToProof\">Trevi\u00f1o sostuvo que la Inversi\u00f3n Extranjera Directa y la Nacional\u00a0captada por Reynosa en los \u00faltimos tres a\u00f1os\u00a0es tan relevante que se compara con la inversi\u00f3n que hizo Pemex para instalarse en Reynosa en\u00a01945 y luego en el 2007 con la apertura del Complejo Procesador Burgos.<\/div>\n<\/div>\n<div class=\"x_elementToProof\">\n<div><\/div>\n<div class=\"x_elementToProof\">\u201cLas expansiones de algunas empresas \u2013maquiladoras\u00a0sobre todo- y la llegada de nuevas empresas en los \u00faltimos a\u00f1os ha\u00a0venido a impulsar m\u00e1s el desarrollo\u201d, afirm\u00f3.<\/div>\n<\/div>\n<div class=\"x_elementToProof\">\n<div><\/div>\n<div class=\"x_elementToProof\">Mientras que el crecimiento del pa\u00eds oscila por el 1.8 por ciento, en Reynosa el crecimiento rebasa los 4 puntos porcentuales.<\/div>\n<\/div>\n<div class=\"x_elementToProof\">\n<div><\/div>\n<div class=\"x_elementToProof\">\u201cEl empleo en Reynosa sigue repuntando, sigue siendo el municipio mayor generador de empleos, con el 50 a 60 por ciento de los empleos que genera el estado, es un referente de movilidad social\u201d, abund\u00f3.<\/div>\n<\/div>\n<div class=\"x_elementToProof\">\n<div><\/div>\n<div class=\"x_elementToProof\">Atribuy\u00f3 el crecimiento a la pol\u00edtica p\u00fablica del alcalde de darle preferencia a la diversificaci\u00f3n econ\u00f3mica, crear un buen ambiente para hacer negocios, m\u00e1s sano, y crecer de la mano.<\/div>\n<\/div>\n<div class=\"x_elementToProof\">\n<div><\/div>\n<div class=\"x_elementToProof\">Tambi\u00e9n ensalz\u00f3 la inversi\u00f3n p\u00fablica del gobierno federal, que tambi\u00e9n genera empleos y derrama econ\u00f3mica\u00a0en Reynosa, que detonan otros sectores econ\u00f3micos.<\/div>\n<\/div>\n<div class=\"x_elementToProof\">\n<div><\/div>\n<div class=\"x_elementToProof\">Mencion\u00f3 la alta derrama econ\u00f3mica de proyectos como las m\u00e1s de 32 mil casas que se construyen en el programa Infonavit Bienestar y el gasoducto que Cenagas (Centro Nacional de Control de Gas Natural), proyecto en el que invierten 3 mil millones de pesos, y la ampliaci\u00f3n de los puentes internacionales Reynosa-Pharr y Reynosa-Mission, entre otras.<\/div>\n<div><\/div>\n<div class=\"x_elementToProof\">\u201cPor eso es que cada vez Reynosa tiene una oferta m\u00e1s variable en los diferentes sectores, el de comercio, el de servicios, el industrial, el acad\u00e9mico, m\u00e9dico, de comercio exterior, etc\u00e9tera\u201d, se\u00f1al\u00f3.<\/div>\n<\/div>\n<div class=\"x_elementToProof\">\n<div><\/div>\n<div class=\"x_elementToProof\">Chedraui y Wall\u00a0Mart\u00a0no son sorpresa su regreso a Reynosa, dijo, son decisiones que toman basadas en las estad\u00edsticas y proyecciones de crecimiento de la ciudad.<\/div>\n<\/div>\n<div class=\"x_elementToProof\">\n<div><\/div>\n<div class=\"x_elementToProof\">\u201cVenimos en los \u00faltimos tres a\u00f1os con instalaci\u00f3n de nuevas franquicias que no ten\u00edan presencia en la ciudad, llegaron once agencias de autom\u00f3viles que antes no ten\u00edan presencia aqu\u00ed, por\u00a0ejemplo\u00a0una de las franquicias que se abri\u00f3 por primera vez en el pa\u00eds fue aqu\u00ed en Reynosa\u201d, puntualiz\u00f3.<\/div>\n<\/div>\n<div class=\"x_elementToProof\">\n<div><\/div>\n<div class=\"x_elementToProof\">Trevi\u00f1o, ex coordinador de delegaciones de la Secretar\u00eda de Econom\u00eda en M\u00e9xico, enfatiz\u00f3 que todo el crecimiento comercial y de servicios de Reynosa son signos que la ciudad puede ser vista como un destino de inversiones.<\/div>\n<\/div>\n<div class=\"x_elementToProof\">\n<div><\/div>\n<div class=\"x_elementToProof\">\u201cSin dejar de lado los indicadores nacionales en los que ha avanzado Reynosa como la diversificaci\u00f3n econ\u00f3mica, mercados eficientes, hoteler\u00eda, sistema pol\u00edtico y algunos indicadores que ha dado a conocer el IMCO a finales del a\u00f1o pasado, que se ha traducido en ventajas competitivas para la ciudad\u201d, destac\u00f3.<\/div>\n<\/div>\n","protected":false},"excerpt":{"rendered":"<p>Crece la ciudad a m\u00e1s del doble de la media nacional Por Citlali Blanco REYNOSA,&#8230;<\/p>\n","protected":false},"author":1,"featured_media":188324,"comment_status":"closed","ping_status":"closed","sticky":false,"template":"","format":"standard","meta":{"footnotes":"","jetpack_publicize_message":"","jetpack_publicize_feature_enabled":true,"jetpack_social_post_already_shared":true,"jetpack_social_options":{"image_generator_settings":{"template":"highway","default_image_id":0,"font":"","enabled":false},"version":2}},"categories":[9],"tags":[],"class_list":["post-188323","post","type-post","status-publish","format-standard","has-post-thumbnail","hentry","category-reynosa"],"jetpack_publicize_connections":[],"_links":{"self":[{"href":"https:\/\/www.buroperiodistico.com.mx\/index.php?rest_route=\/wp\/v2\/posts\/188323","targetHints":{"allow":["GET"]}}],"collection":[{"href":"https:\/\/www.buroperiodistico.com.mx\/index.php?rest_route=\/wp\/v2\/posts"}],"about":[{"href":"https:\/\/www.buroperiodistico.com.mx\/index.php?rest_route=\/wp\/v2\/types\/post"}],"author":[{"embeddable":true,"href":"https:\/\/www.buroperiodistico.com.mx\/index.php?rest_route=\/wp\/v2\/users\/1"}],"replies":[{"embeddable":true,"href":"https:\/\/www.buroperiodistico.com.mx\/index.php?rest_route=%2Fwp%2Fv2%2Fcomments&post=188323"}],"version-history":[{"count":0,"href":"https:\/\/www.buroperiodistico.com.mx\/index.php?rest_route=\/wp\/v2\/posts\/188323\/revisions"}],"wp:featuredmedia":[{"embeddable":true,"href":"https:\/\/www.buroperiodistico.com.mx\/index.php?rest_route=\/wp\/v2\/media\/188324"}],"wp:attachment":[{"href":"https:\/\/www.buroperiodistico.com.mx\/index.php?rest_route=%2Fwp%2Fv2%2Fmedia&parent=188323"}],"wp:term":[{"taxonomy":"category","embeddable":true,"href":"https:\/\/www.buroperiodistico.com.mx\/index.php?rest_route=%2Fwp%2Fv2%2Fcategories&post=188323"},{"taxonomy":"post_tag","embeddable":true,"href":"https:\/\/www.buroperiodistico.com.mx\/index.php?rest_route=%2Fwp%2Fv2%2Ftags&post=188323"}],"curies":[{"name":"wp","href":"https:\/\/api.w.org\/{rel}","templated":true}]}}