{"id":187843,"date":"2025-11-14T15:29:39","date_gmt":"2025-11-14T21:29:39","guid":{"rendered":"https:\/\/www.buroperiodistico.com.mx\/?p=187843"},"modified":"2025-11-14T15:29:39","modified_gmt":"2025-11-14T21:29:39","slug":"fortalece-salud-prevencion-y-trabajo-para-evitar-la-diabetes","status":"publish","type":"post","link":"https:\/\/www.buroperiodistico.com.mx\/?p=187843","title":{"rendered":"Fortalece Salud prevenci\u00f3n y trabajo para evitar la diabetes"},"content":{"rendered":"<ul>\n<li><em><strong>En el marco del d\u00eda mundial de la diabetes, pidi\u00f3 a la poblaci\u00f3n fomentar la sana alimentaci\u00f3n y actividad f\u00edsica para prevenir esta enfermedad<\/strong><\/em><\/li>\n<\/ul>\n<p><em><strong><img loading=\"lazy\" decoding=\"async\" class=\" wp-image-187846 alignright\" src=\"https:\/\/www.buroperiodistico.com.mx\/wp-content\/uploads\/2025\/11\/Diamundial.jpeg\" alt=\"\" width=\"469\" height=\"292\" srcset=\"https:\/\/www.buroperiodistico.com.mx\/wp-content\/uploads\/2025\/11\/Diamundial.jpeg 1024w, https:\/\/www.buroperiodistico.com.mx\/wp-content\/uploads\/2025\/11\/Diamundial-300x187.jpeg 300w, https:\/\/www.buroperiodistico.com.mx\/wp-content\/uploads\/2025\/11\/Diamundial-768x478.jpeg 768w\" sizes=\"auto, (max-width: 469px) 100vw, 469px\" \/>Cd. Victoria, Tamaulipas (14-Noviembre-2025).-<\/strong><\/em> Se considera que un 48 por ciento de la poblaci\u00f3n tamaulipeca tiene diabetes, de los cuales alrededor del 20 por ciento est\u00e1n en tratamiento y el resto desconoce que la padece, as\u00ed lo inform\u00f3 el secretario de Salud, Vicente Joel Hern\u00e1ndez Navarro, durante la conmemoraci\u00f3n del D\u00eda Mundial de la Diabetes.<\/p>\n<p>Fue en el Hospital Infantil de Tamaulipas, en donde el titular de la dependencia estatal acompa\u00f1ado del director de la unidad hospitalaria, Vicente Plascencia Valdez, realizaron el evento protocolario en donde se destac\u00f3 el apoyo del gobernador, Am\u00e9rico Villarreal Anaya, por \u00a0fortalecer la prevenci\u00f3n y el trabajo para atender esta enfermedad que en muchos de los casos se desconoce si la padecemos.<\/p>\n<p>\u201cLas enfermedades cr\u00f3nicas degenerativas han ido en aumento, entre ellas la diabetes, que es el puente para tener riesgo coronario e infarto, considerada la primera causa de muerte; todo ello viene en cascada, desde los malos h\u00e1bitos, hasta llegar a estos padecimientos, por ello las pol\u00edticas de esta administraci\u00f3n, incluyendo la federal, est\u00e1n alineadas para trabajar en todas las situaciones e implementado programas como Vive Saludable, Vive Feliz o Medicina de Estilo de Vida\u201d, destac\u00f3 Hern\u00e1ndez Navarro.<\/p>\n<p>Dijo que en Tamaulipas tenemos factores importantes que pueden provocar o producir la diabetes como es la obesidad, el poco apego a las medidas de prevenci\u00f3n, los malos h\u00e1bitos alimenticios, la falta de ejercicio, entre otros; y en el caso de que afecte en edad temprana, sino se tiene una buena atenci\u00f3n puede tener consecuencias importantes.<\/p>\n<p>En el evento se reconoci\u00f3 el trabajo de la doctora Judith Cornejo Barrera y los doctores Robert Luis Hamilton y Daniel Llanas Rodr\u00edguez, por el esfuerzo que han otorgado en el diagn\u00f3stico, tratamiento y alternativas que han aplicado en la atenci\u00f3n a los pacientes con diabetes, principalmente hacia una perspectiva m\u00e1s amplia al tratamiento de la diabetes tipo 1 y en espec\u00edfico a los infantes y adolescentes.<\/p>\n<p>De igual manera se reconoci\u00f3 a la Asociaci\u00f3n DIAVIVIR, que por m\u00e1s de 3 d\u00e9cadas, los padres de familia y profesionales de la salud que la integran, brindan bienestar a la ni\u00f1ez y j\u00f3venes con diabetes y actualmente cuenta con m\u00e1s de 150 afiliados en el estado, en donde comparten experiencias y actividades para garantizar calidad de vida a los pacientes.<\/p>\n<p>En la conmemoraci\u00f3n del D\u00eda Mundial de la Diabetes, asisti\u00f3 el director de Medicina de Estilo de Vida, Lujhon Guillermo Flor\u00e9z Guti\u00e9rrez; la presidenta de la asociaci\u00f3n DIAVIVIR, Martha Zapata Pesina; as\u00ed como el representante de la direcci\u00f3n General de Servicios M\u00e9dicos, Calidad y Ense\u00f1anza, Luis Adolfo L\u00f3pez Salas; y de la unidad Acad\u00e9mica de Trabajo Social, Melissa Daniela Gonz\u00e1lez Hinojosa.<\/p>\n<p><img loading=\"lazy\" decoding=\"async\" class=\"aligncenter size-full wp-image-187844\" src=\"https:\/\/www.buroperiodistico.com.mx\/wp-content\/uploads\/2025\/11\/Diamundial-I.jpeg\" alt=\"\" width=\"640\" height=\"427\" srcset=\"https:\/\/www.buroperiodistico.com.mx\/wp-content\/uploads\/2025\/11\/Diamundial-I.jpeg 640w, https:\/\/www.buroperiodistico.com.mx\/wp-content\/uploads\/2025\/11\/Diamundial-I-300x200.jpeg 300w\" sizes=\"auto, (max-width: 640px) 100vw, 640px\" \/> <img loading=\"lazy\" decoding=\"async\" class=\"aligncenter size-full wp-image-187845\" src=\"https:\/\/www.buroperiodistico.com.mx\/wp-content\/uploads\/2025\/11\/Diamundial-II.jpeg\" alt=\"\" width=\"640\" height=\"427\" srcset=\"https:\/\/www.buroperiodistico.com.mx\/wp-content\/uploads\/2025\/11\/Diamundial-II.jpeg 640w, https:\/\/www.buroperiodistico.com.mx\/wp-content\/uploads\/2025\/11\/Diamundial-II-300x200.jpeg 300w\" sizes=\"auto, (max-width: 640px) 100vw, 640px\" \/><\/p>\n","protected":false},"excerpt":{"rendered":"<p>En el marco del d\u00eda mundial de la diabetes, pidi\u00f3 a la poblaci\u00f3n fomentar la&#8230;<\/p>\n","protected":false},"author":1,"featured_media":187846,"comment_status":"closed","ping_status":"closed","sticky":false,"template":"","format":"standard","meta":{"footnotes":"","jetpack_publicize_message":"","jetpack_publicize_feature_enabled":true,"jetpack_social_post_already_shared":true,"jetpack_social_options":{"image_generator_settings":{"template":"highway","default_image_id":0,"font":"","enabled":false},"version":2}},"categories":[10],"tags":[],"class_list":["post-187843","post","type-post","status-publish","format-standard","has-post-thumbnail","hentry","category-tamaulipas"],"jetpack_publicize_connections":[],"_links":{"self":[{"href":"https:\/\/www.buroperiodistico.com.mx\/index.php?rest_route=\/wp\/v2\/posts\/187843","targetHints":{"allow":["GET"]}}],"collection":[{"href":"https:\/\/www.buroperiodistico.com.mx\/index.php?rest_route=\/wp\/v2\/posts"}],"about":[{"href":"https:\/\/www.buroperiodistico.com.mx\/index.php?rest_route=\/wp\/v2\/types\/post"}],"author":[{"embeddable":true,"href":"https:\/\/www.buroperiodistico.com.mx\/index.php?rest_route=\/wp\/v2\/users\/1"}],"replies":[{"embeddable":true,"href":"https:\/\/www.buroperiodistico.com.mx\/index.php?rest_route=%2Fwp%2Fv2%2Fcomments&post=187843"}],"version-history":[{"count":0,"href":"https:\/\/www.buroperiodistico.com.mx\/index.php?rest_route=\/wp\/v2\/posts\/187843\/revisions"}],"wp:featuredmedia":[{"embeddable":true,"href":"https:\/\/www.buroperiodistico.com.mx\/index.php?rest_route=\/wp\/v2\/media\/187846"}],"wp:attachment":[{"href":"https:\/\/www.buroperiodistico.com.mx\/index.php?rest_route=%2Fwp%2Fv2%2Fmedia&parent=187843"}],"wp:term":[{"taxonomy":"category","embeddable":true,"href":"https:\/\/www.buroperiodistico.com.mx\/index.php?rest_route=%2Fwp%2Fv2%2Fcategories&post=187843"},{"taxonomy":"post_tag","embeddable":true,"href":"https:\/\/www.buroperiodistico.com.mx\/index.php?rest_route=%2Fwp%2Fv2%2Ftags&post=187843"}],"curies":[{"name":"wp","href":"https:\/\/api.w.org\/{rel}","templated":true}]}}