{"id":187833,"date":"2025-11-14T15:19:33","date_gmt":"2025-11-14T21:19:33","guid":{"rendered":"https:\/\/www.buroperiodistico.com.mx\/?p=187833"},"modified":"2025-11-14T15:19:33","modified_gmt":"2025-11-14T21:19:33","slug":"todo-listo-para-el-bazar-revolucionario-en-el-parque-mendoza","status":"publish","type":"post","link":"https:\/\/www.buroperiodistico.com.mx\/?p=187833","title":{"rendered":"TODO LISTO PARA EL BAZAR REVOLUCIONARIO EN EL PARQUE MENDOZA"},"content":{"rendered":"<p dir=\"ltr\"><em><strong><img loading=\"lazy\" decoding=\"async\" class=\" wp-image-187835 alignright\" src=\"https:\/\/www.buroperiodistico.com.mx\/wp-content\/uploads\/2025\/11\/BAZAR-1.jpg\" alt=\"\" width=\"506\" height=\"316\" srcset=\"https:\/\/www.buroperiodistico.com.mx\/wp-content\/uploads\/2025\/11\/BAZAR-1.jpg 1024w, https:\/\/www.buroperiodistico.com.mx\/wp-content\/uploads\/2025\/11\/BAZAR-1-300x187.jpg 300w, https:\/\/www.buroperiodistico.com.mx\/wp-content\/uploads\/2025\/11\/BAZAR-1-768x479.jpg 768w\" sizes=\"auto, (max-width: 506px) 100vw, 506px\" \/>Nuevo Laredo, Tam (14-Noviembre-2025).-<\/strong><\/em> El Gobierno Municipal de Nuevo Laredo inform\u00f3 que todo est\u00e1 preparado para que las familias disfruten este s\u00e1bado del Bazar Revolucionario, organizado por la Secretar\u00eda de Bienestar Social, un espacio que celebra nuestras tradiciones mexicanas y al mismo tiempo impulsa la econom\u00eda local.<\/p>\n<p dir=\"ltr\">El evento se realizar\u00e1 este s\u00e1bado 15 de noviembre, de 4:00 de la tarde a 9:00 de la noche, en el Parque Mendoza, ubicado en la colonia Hidalgo, donde ya se ultiman los detalles para recibir a visitantes con una tarde llena de color, m\u00fasica, gastronom\u00eda y una amplia variedad de productos elaborados por emprendedores de la ciudad.<\/p>\n<p dir=\"ltr\">El Bazar Revolucionario forma parte de las acciones del Gobierno Municipal para fomentar el consumo responsable y fortalecer el trabajo de productores y artesanos, adem\u00e1s de promover espacios de convivencia segura y accesible para todas las familias.<\/p>\n<p dir=\"ltr\"><img loading=\"lazy\" decoding=\"async\" class=\"aligncenter size-full wp-image-187834\" src=\"https:\/\/www.buroperiodistico.com.mx\/wp-content\/uploads\/2025\/11\/BAZAR-I-1.jpg\" alt=\"\" width=\"640\" height=\"428\" srcset=\"https:\/\/www.buroperiodistico.com.mx\/wp-content\/uploads\/2025\/11\/BAZAR-I-1.jpg 640w, https:\/\/www.buroperiodistico.com.mx\/wp-content\/uploads\/2025\/11\/BAZAR-I-1-300x201.jpg 300w\" sizes=\"auto, (max-width: 640px) 100vw, 640px\" \/><\/p>\n","protected":false},"excerpt":{"rendered":"<p>Nuevo Laredo, Tam (14-Noviembre-2025).- El Gobierno Municipal de Nuevo Laredo inform\u00f3 que todo est\u00e1 preparado&#8230;<\/p>\n","protected":false},"author":1,"featured_media":187835,"comment_status":"closed","ping_status":"closed","sticky":false,"template":"","format":"standard","meta":{"footnotes":"","jetpack_publicize_message":"","jetpack_publicize_feature_enabled":true,"jetpack_social_post_already_shared":true,"jetpack_social_options":{"image_generator_settings":{"template":"highway","default_image_id":0,"font":"","enabled":false},"version":2}},"categories":[16],"tags":[],"class_list":["post-187833","post","type-post","status-publish","format-standard","has-post-thumbnail","hentry","category-nuevolaredo"],"jetpack_publicize_connections":[],"_links":{"self":[{"href":"https:\/\/www.buroperiodistico.com.mx\/index.php?rest_route=\/wp\/v2\/posts\/187833","targetHints":{"allow":["GET"]}}],"collection":[{"href":"https:\/\/www.buroperiodistico.com.mx\/index.php?rest_route=\/wp\/v2\/posts"}],"about":[{"href":"https:\/\/www.buroperiodistico.com.mx\/index.php?rest_route=\/wp\/v2\/types\/post"}],"author":[{"embeddable":true,"href":"https:\/\/www.buroperiodistico.com.mx\/index.php?rest_route=\/wp\/v2\/users\/1"}],"replies":[{"embeddable":true,"href":"https:\/\/www.buroperiodistico.com.mx\/index.php?rest_route=%2Fwp%2Fv2%2Fcomments&post=187833"}],"version-history":[{"count":0,"href":"https:\/\/www.buroperiodistico.com.mx\/index.php?rest_route=\/wp\/v2\/posts\/187833\/revisions"}],"wp:featuredmedia":[{"embeddable":true,"href":"https:\/\/www.buroperiodistico.com.mx\/index.php?rest_route=\/wp\/v2\/media\/187835"}],"wp:attachment":[{"href":"https:\/\/www.buroperiodistico.com.mx\/index.php?rest_route=%2Fwp%2Fv2%2Fmedia&parent=187833"}],"wp:term":[{"taxonomy":"category","embeddable":true,"href":"https:\/\/www.buroperiodistico.com.mx\/index.php?rest_route=%2Fwp%2Fv2%2Fcategories&post=187833"},{"taxonomy":"post_tag","embeddable":true,"href":"https:\/\/www.buroperiodistico.com.mx\/index.php?rest_route=%2Fwp%2Fv2%2Ftags&post=187833"}],"curies":[{"name":"wp","href":"https:\/\/api.w.org\/{rel}","templated":true}]}}