{"id":187829,"date":"2025-11-14T15:13:16","date_gmt":"2025-11-14T21:13:16","guid":{"rendered":"https:\/\/www.buroperiodistico.com.mx\/?p=187829"},"modified":"2025-11-14T15:13:16","modified_gmt":"2025-11-14T21:13:16","slug":"invita-gobierno-municipal-a-la-gran-inauguracion-de-la-plaza-de-la-mujer-este-18-de-noviembre","status":"publish","type":"post","link":"https:\/\/www.buroperiodistico.com.mx\/?p=187829","title":{"rendered":"INVITA GOBIERNO MUNICIPAL A LA GRAN INAUGURACI\u00d3N DE LA PLAZA DE LA MUJER ESTE 18 DE NOVIEMBRE"},"content":{"rendered":"<p dir=\"ltr\"><em><strong><img loading=\"lazy\" decoding=\"async\" class=\"size-full wp-image-187830 alignright\" src=\"https:\/\/www.buroperiodistico.com.mx\/wp-content\/uploads\/2025\/11\/Plaxax-I.jpg\" alt=\"\" width=\"480\" height=\"594\" srcset=\"https:\/\/www.buroperiodistico.com.mx\/wp-content\/uploads\/2025\/11\/Plaxax-I.jpg 480w, https:\/\/www.buroperiodistico.com.mx\/wp-content\/uploads\/2025\/11\/Plaxax-I-242x300.jpg 242w\" sizes=\"auto, (max-width: 480px) 100vw, 480px\" \/>Nuevo Laredo, Tam (14-Noviembre-2025).-<\/strong><\/em> El Gobierno Municipal de Nuevo Laredo hace una invitaci\u00f3n abierta a todas las familias de la ciudad para asistir a la gran inauguraci\u00f3n de la Plaza de la Mujer, un nuevo espacio p\u00fablico que destaca por ser el primero en la ciudad dise\u00f1ado con perspectiva de g\u00e9nero. El evento se llevar\u00e1 a cabo el martes 18 de noviembre a las 7:30 de la noche.<\/p>\n<p dir=\"ltr\">Durante la ceremonia de apertura, las y los asistentes podr\u00e1n disfrutar de la nueva fuente danzante, as\u00ed como de un programa art\u00edstico que contar\u00e1 con el talento local de las cantantes Sof\u00eda Rend\u00f3n y Erika Luna, adem\u00e1s de la presentaci\u00f3n del Grupo de Danza Folcl\u00f3rica Mextli, que engalanar\u00e1 la noche con bailes tradicionales.<\/p>\n<p dir=\"ltr\">La Plaza de la Mujer ofrecer\u00e1 a las familias un entorno seguro y renovado con andadores bien iluminados, una nueva \u00e1rea de juegos, zona de comida y murales que embellecen el espacio y celebran la identidad de las mujeres de Nuevo Laredo.<\/p>\n<p dir=\"ltr\">Adem\u00e1s, como parte del compromiso del Gobierno Municipal con el medio ambiente y la recuperaci\u00f3n de espacios p\u00fablicos, se llev\u00f3 a cabo un amplio proceso de reforestaci\u00f3n. A trav\u00e9s de la Coordinaci\u00f3n General de Gesti\u00f3n Ambiental y Servicios P\u00fablicos Primarios, fueron plantados m\u00e1s de 300 \u00e1rboles y arbustos nativos de la regi\u00f3n, que dar\u00e1n vida y un nuevo rostro a este punto de encuentro para la comunidad.<\/p>\n<p dir=\"ltr\">El Gobierno Municipal reiter\u00f3 su invitaci\u00f3n para que las familias acudan a este evento que marca la apertura de un espacio que busca fortalecer la convivencia, la inclusi\u00f3n y el respeto, y que simboliza un paso m\u00e1s hacia un entorno urbano m\u00e1s seguro y equitativo para todas y todos.<\/p>\n","protected":false},"excerpt":{"rendered":"<p>Nuevo Laredo, Tam (14-Noviembre-2025).- El Gobierno Municipal de Nuevo Laredo hace una invitaci\u00f3n abierta a&#8230;<\/p>\n","protected":false},"author":1,"featured_media":187831,"comment_status":"closed","ping_status":"closed","sticky":false,"template":"","format":"standard","meta":{"footnotes":"","jetpack_publicize_message":"","jetpack_publicize_feature_enabled":true,"jetpack_social_post_already_shared":true,"jetpack_social_options":{"image_generator_settings":{"template":"highway","default_image_id":0,"font":"","enabled":false},"version":2}},"categories":[16],"tags":[],"class_list":["post-187829","post","type-post","status-publish","format-standard","has-post-thumbnail","hentry","category-nuevolaredo"],"jetpack_publicize_connections":[],"_links":{"self":[{"href":"https:\/\/www.buroperiodistico.com.mx\/index.php?rest_route=\/wp\/v2\/posts\/187829","targetHints":{"allow":["GET"]}}],"collection":[{"href":"https:\/\/www.buroperiodistico.com.mx\/index.php?rest_route=\/wp\/v2\/posts"}],"about":[{"href":"https:\/\/www.buroperiodistico.com.mx\/index.php?rest_route=\/wp\/v2\/types\/post"}],"author":[{"embeddable":true,"href":"https:\/\/www.buroperiodistico.com.mx\/index.php?rest_route=\/wp\/v2\/users\/1"}],"replies":[{"embeddable":true,"href":"https:\/\/www.buroperiodistico.com.mx\/index.php?rest_route=%2Fwp%2Fv2%2Fcomments&post=187829"}],"version-history":[{"count":0,"href":"https:\/\/www.buroperiodistico.com.mx\/index.php?rest_route=\/wp\/v2\/posts\/187829\/revisions"}],"wp:featuredmedia":[{"embeddable":true,"href":"https:\/\/www.buroperiodistico.com.mx\/index.php?rest_route=\/wp\/v2\/media\/187831"}],"wp:attachment":[{"href":"https:\/\/www.buroperiodistico.com.mx\/index.php?rest_route=%2Fwp%2Fv2%2Fmedia&parent=187829"}],"wp:term":[{"taxonomy":"category","embeddable":true,"href":"https:\/\/www.buroperiodistico.com.mx\/index.php?rest_route=%2Fwp%2Fv2%2Fcategories&post=187829"},{"taxonomy":"post_tag","embeddable":true,"href":"https:\/\/www.buroperiodistico.com.mx\/index.php?rest_route=%2Fwp%2Fv2%2Ftags&post=187829"}],"curies":[{"name":"wp","href":"https:\/\/api.w.org\/{rel}","templated":true}]}}