{"id":187824,"date":"2025-11-14T15:08:31","date_gmt":"2025-11-14T21:08:31","guid":{"rendered":"https:\/\/www.buroperiodistico.com.mx\/?p=187824"},"modified":"2025-11-14T15:08:31","modified_gmt":"2025-11-14T21:08:31","slug":"nuevo-laredo-refuerza-su-posicion-como-capital-logistica-en-expo-transporte-anpact-2025","status":"publish","type":"post","link":"https:\/\/www.buroperiodistico.com.mx\/?p=187824","title":{"rendered":"NUEVO LAREDO REFUERZA SU POSICI\u00d3N COMO CAPITAL LOG\u00cdSTICA EN EXPO TRANSPORTE ANPACT 2025"},"content":{"rendered":"<p dir=\"ltr\"><em><strong><img loading=\"lazy\" decoding=\"async\" class=\" wp-image-187826 alignright\" src=\"https:\/\/www.buroperiodistico.com.mx\/wp-content\/uploads\/2025\/11\/CONGRESO-TRANSPORTE.jpg\" alt=\"\" width=\"548\" height=\"313\" srcset=\"https:\/\/www.buroperiodistico.com.mx\/wp-content\/uploads\/2025\/11\/CONGRESO-TRANSPORTE.jpg 1024w, https:\/\/www.buroperiodistico.com.mx\/wp-content\/uploads\/2025\/11\/CONGRESO-TRANSPORTE-300x171.jpg 300w, https:\/\/www.buroperiodistico.com.mx\/wp-content\/uploads\/2025\/11\/CONGRESO-TRANSPORTE-768x438.jpg 768w\" sizes=\"auto, (max-width: 548px) 100vw, 548px\" \/>Nuevo Laredo, Tam (14-Noviembre-2025).-<\/strong><\/em> El Gobierno de Nuevo Laredo, a trav\u00e9s de la Secretar\u00eda de Desarrollo Econ\u00f3mico, participa activamente en la Expo Transporte ANPACT 2025, el foro m\u00e1s importante de Am\u00e9rica Latina para la industria del transporte pesado, que se celebra del 12 al 14 de noviembre en Expo Guadalajara.<\/p>\n<p dir=\"ltr\">El encuentro re\u00fane a m\u00e1s de 60 mil asistentes, entre fabricantes, inversionistas y l\u00edderes del sector, quienes buscan generar nuevas oportunidades de negocio, conocer innovaciones en movilidad y analizar las tendencias que marcar\u00e1n el futuro del transporte y la log\u00edstica en M\u00e9xico.<\/p>\n<p dir=\"ltr\">Durante su participaci\u00f3n, la delegaci\u00f3n neolaredense promueve las ventajas competitivas de la ciudad, destacando el papel estrat\u00e9gico que juega en el comercio internacional. Por esta frontera cruza m\u00e1s del 53% de las exportaciones mexicanas hacia Estados Unidos, con un flujo diario de entre 7 y 8 mil camiones a trav\u00e9s del Puente del Comercio Mundial. Adem\u00e1s, la Aduana de Nuevo Laredo concentra el 25% de la recaudaci\u00f3n nacional y procesa m\u00e1s de 14 mil operaciones diarias, cifras que la posicionan como la m\u00e1s importante del pa\u00eds.<\/p>\n<p dir=\"ltr\">Tambi\u00e9n se subraya la relevancia del corredor Los Laredos\u2013I-35\u2013NAFTA Highway, considerado la ruta log\u00edstica m\u00e1s estrat\u00e9gica del T-MEC. Este eje moviliza m\u00e1s del 40% del comercio terrestre total entre M\u00e9xico y Estados Unidos, equivalente a m\u00e1s de 800 mil millones de d\u00f3lares anuales.<\/p>\n<p dir=\"ltr\">En este marco, Nuevo Laredo impulsa la pr\u00f3xima Cumbre Log\u00edstica de Los Laredos 2026, un encuentro binacional orientado a fortalecer la integraci\u00f3n comercial y consolidar a la frontera como el coraz\u00f3n log\u00edstico de Am\u00e9rica del Norte.<\/p>\n<p>Con su presencia en Expo Transporte, Nuevo Laredo reafirma su liderazgo en la industria, promueve nuevas alianzas estrat\u00e9gicas y proyecta su visi\u00f3n de desarrollo econ\u00f3mico a nivel regional y binacional.<\/p>\n<p><img loading=\"lazy\" decoding=\"async\" class=\"aligncenter size-full wp-image-187825\" src=\"https:\/\/www.buroperiodistico.com.mx\/wp-content\/uploads\/2025\/11\/CONGRESO-TRANSPORTE-I.jpg\" alt=\"\" width=\"640\" height=\"303\" srcset=\"https:\/\/www.buroperiodistico.com.mx\/wp-content\/uploads\/2025\/11\/CONGRESO-TRANSPORTE-I.jpg 640w, https:\/\/www.buroperiodistico.com.mx\/wp-content\/uploads\/2025\/11\/CONGRESO-TRANSPORTE-I-300x142.jpg 300w\" sizes=\"auto, (max-width: 640px) 100vw, 640px\" \/><\/p>\n","protected":false},"excerpt":{"rendered":"<p>Nuevo Laredo, Tam (14-Noviembre-2025).- El Gobierno de Nuevo Laredo, a trav\u00e9s de la Secretar\u00eda de&#8230;<\/p>\n","protected":false},"author":1,"featured_media":187826,"comment_status":"closed","ping_status":"closed","sticky":false,"template":"","format":"standard","meta":{"footnotes":"","jetpack_publicize_message":"","jetpack_publicize_feature_enabled":true,"jetpack_social_post_already_shared":true,"jetpack_social_options":{"image_generator_settings":{"template":"highway","default_image_id":0,"font":"","enabled":false},"version":2}},"categories":[16],"tags":[],"class_list":["post-187824","post","type-post","status-publish","format-standard","has-post-thumbnail","hentry","category-nuevolaredo"],"jetpack_publicize_connections":[],"_links":{"self":[{"href":"https:\/\/www.buroperiodistico.com.mx\/index.php?rest_route=\/wp\/v2\/posts\/187824","targetHints":{"allow":["GET"]}}],"collection":[{"href":"https:\/\/www.buroperiodistico.com.mx\/index.php?rest_route=\/wp\/v2\/posts"}],"about":[{"href":"https:\/\/www.buroperiodistico.com.mx\/index.php?rest_route=\/wp\/v2\/types\/post"}],"author":[{"embeddable":true,"href":"https:\/\/www.buroperiodistico.com.mx\/index.php?rest_route=\/wp\/v2\/users\/1"}],"replies":[{"embeddable":true,"href":"https:\/\/www.buroperiodistico.com.mx\/index.php?rest_route=%2Fwp%2Fv2%2Fcomments&post=187824"}],"version-history":[{"count":0,"href":"https:\/\/www.buroperiodistico.com.mx\/index.php?rest_route=\/wp\/v2\/posts\/187824\/revisions"}],"wp:featuredmedia":[{"embeddable":true,"href":"https:\/\/www.buroperiodistico.com.mx\/index.php?rest_route=\/wp\/v2\/media\/187826"}],"wp:attachment":[{"href":"https:\/\/www.buroperiodistico.com.mx\/index.php?rest_route=%2Fwp%2Fv2%2Fmedia&parent=187824"}],"wp:term":[{"taxonomy":"category","embeddable":true,"href":"https:\/\/www.buroperiodistico.com.mx\/index.php?rest_route=%2Fwp%2Fv2%2Fcategories&post=187824"},{"taxonomy":"post_tag","embeddable":true,"href":"https:\/\/www.buroperiodistico.com.mx\/index.php?rest_route=%2Fwp%2Fv2%2Ftags&post=187824"}],"curies":[{"name":"wp","href":"https:\/\/api.w.org\/{rel}","templated":true}]}}