{"id":187809,"date":"2025-11-14T14:45:09","date_gmt":"2025-11-14T20:45:09","guid":{"rendered":"https:\/\/www.buroperiodistico.com.mx\/?p=187809"},"modified":"2025-11-14T14:45:09","modified_gmt":"2025-11-14T20:45:09","slug":"firmo-carlos-pena-ortiz-convenio-de-colaboracion-con-la-universidad-tamaulipeca-en-reynosa","status":"publish","type":"post","link":"https:\/\/www.buroperiodistico.com.mx\/?p=187809","title":{"rendered":"Firm\u00f3 Carlos Pe\u00f1a Ortiz Convenio de Colaboraci\u00f3n con la Universidad Tamaulipeca en Reynosa"},"content":{"rendered":"<p><em><strong><img loading=\"lazy\" decoding=\"async\" class=\"size-full wp-image-187810 alignright\" src=\"https:\/\/www.buroperiodistico.com.mx\/wp-content\/uploads\/2025\/11\/CPOx-I-6.jpeg\" alt=\"\" width=\"640\" height=\"427\" srcset=\"https:\/\/www.buroperiodistico.com.mx\/wp-content\/uploads\/2025\/11\/CPOx-I-6.jpeg 640w, https:\/\/www.buroperiodistico.com.mx\/wp-content\/uploads\/2025\/11\/CPOx-I-6-300x200.jpeg 300w\" sizes=\"auto, (max-width: 640px) 100vw, 640px\" \/>Reynosa, Tam (14-Noviembre-2025).-<\/strong><\/em> El Presidente Municipal, Carlos Pe\u00f1a Ortiz, firm\u00f3 un convenio de colaboraci\u00f3n con el Rector de la Universidad Tamaulipeca, Oscar W. Aguilera Rodr\u00edguez, con el objetivo de impulsar la capacitaci\u00f3n y profesionalizaci\u00f3n del personal que labora en diferentes \u00e1reas del R. Ayuntamiento.<\/p>\n<p>Destac\u00f3 el Alcalde la importancia de esta alianza para el desarrollo de la ciudad y en bien de la comunidadestudiantil: \u00abcon esta firma de convenio, reafirmamos nuestro compromiso con la educaci\u00f3n y el futuro de nuestros j\u00f3venes. Estamos convencidos de que la educaci\u00f3n es el motor del progreso y que juntos podemos crear un mejor porvenir para nuestra ciudad\u00bb.<\/p>\n<p>Este acuerdo abarca:<br \/>\n&#8211; Acceso a programas de capacitaci\u00f3n y certificaciones en diferentes disciplinas<br \/>\n&#8211; Otorgamiento de becas para todo p\u00fablico en los centros de atenci\u00f3n de la Universidad Tamaulipeca:<br \/>\n&#8211; Centro de Atenci\u00f3n Psicol\u00f3gica y Pedag\u00f3gica<br \/>\n&#8211; Centro de Atenci\u00f3n Jur\u00eddica<br \/>\n&#8211; Centro de Atenci\u00f3n Fiscal y Contable, y Administrativo<br \/>\n&#8211; Centro de Negocios<br \/>\n&#8211; Departamento de Posgrado<\/p>\n<p>El Convenio busca fortalecer la vinculaci\u00f3n entre la educaci\u00f3n superior y el servicio p\u00fablico municipal, brindando oportunidades de crecimiento y desarrollo para los empleados de esta entidad de Gobierno y la comunidad en general. La firma fue atestiguada por: Orlando Aguilera Garc\u00eda, Director del Business Center; el Secretario Acad\u00e9mico, Pedro Oyervides Cuevas; la Directora Administrativa Aracely Torres P\u00e9rez; el Secretario del Ayuntamiento, Antonio Joaqu\u00edn de Le\u00f3n Villarreal, y Sandra Elizabeth Garza Faz, Coordinadora de Turismo y Comercio Municipal.<\/p>\n<p>#ReynosaImparable<br \/>\n#GobiernoMunicipalDeReynosa<\/p>\n<p><img loading=\"lazy\" decoding=\"async\" class=\"aligncenter size-full wp-image-187811\" src=\"https:\/\/www.buroperiodistico.com.mx\/wp-content\/uploads\/2025\/11\/CPOx-II-6.jpeg\" alt=\"\" width=\"640\" height=\"427\" srcset=\"https:\/\/www.buroperiodistico.com.mx\/wp-content\/uploads\/2025\/11\/CPOx-II-6.jpeg 640w, https:\/\/www.buroperiodistico.com.mx\/wp-content\/uploads\/2025\/11\/CPOx-II-6-300x200.jpeg 300w\" sizes=\"auto, (max-width: 640px) 100vw, 640px\" \/> <img loading=\"lazy\" decoding=\"async\" class=\"aligncenter size-full wp-image-187813\" src=\"https:\/\/www.buroperiodistico.com.mx\/wp-content\/uploads\/2025\/11\/CPOx-IIII-6.jpeg\" alt=\"\" width=\"640\" height=\"427\" srcset=\"https:\/\/www.buroperiodistico.com.mx\/wp-content\/uploads\/2025\/11\/CPOx-IIII-6.jpeg 640w, https:\/\/www.buroperiodistico.com.mx\/wp-content\/uploads\/2025\/11\/CPOx-IIII-6-300x200.jpeg 300w\" sizes=\"auto, (max-width: 640px) 100vw, 640px\" \/> <img loading=\"lazy\" decoding=\"async\" class=\"aligncenter size-full wp-image-187812\" src=\"https:\/\/www.buroperiodistico.com.mx\/wp-content\/uploads\/2025\/11\/CPOx-III-6.jpeg\" alt=\"\" width=\"640\" height=\"427\" srcset=\"https:\/\/www.buroperiodistico.com.mx\/wp-content\/uploads\/2025\/11\/CPOx-III-6.jpeg 640w, https:\/\/www.buroperiodistico.com.mx\/wp-content\/uploads\/2025\/11\/CPOx-III-6-300x200.jpeg 300w\" sizes=\"auto, (max-width: 640px) 100vw, 640px\" \/><\/p>\n","protected":false},"excerpt":{"rendered":"<p>Reynosa, Tam (14-Noviembre-2025).- El Presidente Municipal, Carlos Pe\u00f1a Ortiz, firm\u00f3 un convenio de colaboraci\u00f3n con&#8230;<\/p>\n","protected":false},"author":1,"featured_media":187814,"comment_status":"closed","ping_status":"closed","sticky":false,"template":"","format":"standard","meta":{"footnotes":"","jetpack_publicize_message":"","jetpack_publicize_feature_enabled":true,"jetpack_social_post_already_shared":true,"jetpack_social_options":{"image_generator_settings":{"template":"highway","default_image_id":0,"font":"","enabled":false},"version":2}},"categories":[25,9],"tags":[],"class_list":["post-187809","post","type-post","status-publish","format-standard","has-post-thumbnail","hentry","category-portada","category-reynosa"],"jetpack_publicize_connections":[],"_links":{"self":[{"href":"https:\/\/www.buroperiodistico.com.mx\/index.php?rest_route=\/wp\/v2\/posts\/187809","targetHints":{"allow":["GET"]}}],"collection":[{"href":"https:\/\/www.buroperiodistico.com.mx\/index.php?rest_route=\/wp\/v2\/posts"}],"about":[{"href":"https:\/\/www.buroperiodistico.com.mx\/index.php?rest_route=\/wp\/v2\/types\/post"}],"author":[{"embeddable":true,"href":"https:\/\/www.buroperiodistico.com.mx\/index.php?rest_route=\/wp\/v2\/users\/1"}],"replies":[{"embeddable":true,"href":"https:\/\/www.buroperiodistico.com.mx\/index.php?rest_route=%2Fwp%2Fv2%2Fcomments&post=187809"}],"version-history":[{"count":0,"href":"https:\/\/www.buroperiodistico.com.mx\/index.php?rest_route=\/wp\/v2\/posts\/187809\/revisions"}],"wp:featuredmedia":[{"embeddable":true,"href":"https:\/\/www.buroperiodistico.com.mx\/index.php?rest_route=\/wp\/v2\/media\/187814"}],"wp:attachment":[{"href":"https:\/\/www.buroperiodistico.com.mx\/index.php?rest_route=%2Fwp%2Fv2%2Fmedia&parent=187809"}],"wp:term":[{"taxonomy":"category","embeddable":true,"href":"https:\/\/www.buroperiodistico.com.mx\/index.php?rest_route=%2Fwp%2Fv2%2Fcategories&post=187809"},{"taxonomy":"post_tag","embeddable":true,"href":"https:\/\/www.buroperiodistico.com.mx\/index.php?rest_route=%2Fwp%2Fv2%2Ftags&post=187809"}],"curies":[{"name":"wp","href":"https:\/\/api.w.org\/{rel}","templated":true}]}}