{"id":187803,"date":"2025-11-14T13:57:05","date_gmt":"2025-11-14T19:57:05","guid":{"rendered":"https:\/\/www.buroperiodistico.com.mx\/?p=187803"},"modified":"2025-11-14T13:57:05","modified_gmt":"2025-11-14T19:57:05","slug":"difunde-direccion-de-mediacion-la-cultura-de-paz-y-fortalece-la-resolucion-de-conflictos-en-la-comunidad","status":"publish","type":"post","link":"https:\/\/www.buroperiodistico.com.mx\/?p=187803","title":{"rendered":"Difunde Direcci\u00f3n de Mediaci\u00f3n la cultura de paz y fortalece la resoluci\u00f3n de conflictos en la comunidad"},"content":{"rendered":"<p><em><strong><img loading=\"lazy\" decoding=\"async\" class=\" wp-image-187807 alignright\" src=\"https:\/\/www.buroperiodistico.com.mx\/wp-content\/uploads\/2025\/11\/SGGcomunidad.jpeg\" alt=\"\" width=\"567\" height=\"297\" srcset=\"https:\/\/www.buroperiodistico.com.mx\/wp-content\/uploads\/2025\/11\/SGGcomunidad.jpeg 1024w, https:\/\/www.buroperiodistico.com.mx\/wp-content\/uploads\/2025\/11\/SGGcomunidad-300x157.jpeg 300w, https:\/\/www.buroperiodistico.com.mx\/wp-content\/uploads\/2025\/11\/SGGcomunidad-768x402.jpeg 768w\" sizes=\"auto, (max-width: 567px) 100vw, 567px\" \/>Ciudad Victoria, Tamaulipas (14-Noviembre-2025).-<\/strong><\/em> Durante los meses de septiembre y octubre, la Direcci\u00f3n de Mediaci\u00f3n, llev\u00f3 a cabo diversas actividades orientadas a promover y fortalecer la cultura de paz, beneficiando a cerca de 900 personas mediante pl\u00e1ticas, talleres y din\u00e1micas formativas.<\/p>\n<p>\u00abEn estos dos meses hemos logrado llevar nuestras actividades a cerca de 900 personas en diferentes espacios sociales. Cada pl\u00e1tica, taller o din\u00e1mica formativa tiene como objetivo fortalecer la cultura de paz, promover la empat\u00eda y ense\u00f1ar herramientas efectivas de resoluci\u00f3n de conflictos\u201d, dijo Ana Karen Barrientos Lumbreras, directora de Mediaci\u00f3n.<\/p>\n<p>Refiri\u00f3 que seguir\u00e1n trabajando con cercan\u00eda y compromiso para construir una sociedad m\u00e1s solidaria, justa y respetuosa, donde el di\u00e1logo y la comprensi\u00f3n sean la base de la convivencia.<\/p>\n<p>La funcionaria a\u00f1adi\u00f3 que estas estas actividades se llevan a cabo siguiendo la indicaci\u00f3n del gobernador Am\u00e9rico Villarreal Anaya, de desarrollar pol\u00edticas p\u00fablicas orientadas a fortalecer la convivencia pac\u00edfica, el respeto mutuo y la resoluci\u00f3n armoniosa de conflictos en todos los \u00e1mbitos sociales, educativos y laborales.<\/p>\n<p><img loading=\"lazy\" decoding=\"async\" class=\"aligncenter size-full wp-image-187804\" src=\"https:\/\/www.buroperiodistico.com.mx\/wp-content\/uploads\/2025\/11\/SGGcomunidad-I.jpeg\" alt=\"\" width=\"360\" height=\"640\" srcset=\"https:\/\/www.buroperiodistico.com.mx\/wp-content\/uploads\/2025\/11\/SGGcomunidad-I.jpeg 360w, https:\/\/www.buroperiodistico.com.mx\/wp-content\/uploads\/2025\/11\/SGGcomunidad-I-169x300.jpeg 169w\" sizes=\"auto, (max-width: 360px) 100vw, 360px\" \/> <img loading=\"lazy\" decoding=\"async\" class=\"aligncenter size-full wp-image-187806\" src=\"https:\/\/www.buroperiodistico.com.mx\/wp-content\/uploads\/2025\/11\/SGGcomunidad-III.jpeg\" alt=\"\" width=\"480\" height=\"640\" srcset=\"https:\/\/www.buroperiodistico.com.mx\/wp-content\/uploads\/2025\/11\/SGGcomunidad-III.jpeg 480w, https:\/\/www.buroperiodistico.com.mx\/wp-content\/uploads\/2025\/11\/SGGcomunidad-III-225x300.jpeg 225w\" sizes=\"auto, (max-width: 480px) 100vw, 480px\" \/> <img loading=\"lazy\" decoding=\"async\" class=\"aligncenter size-full wp-image-187805\" src=\"https:\/\/www.buroperiodistico.com.mx\/wp-content\/uploads\/2025\/11\/SGGcomunidad-II.jpeg\" alt=\"\" width=\"360\" height=\"640\" srcset=\"https:\/\/www.buroperiodistico.com.mx\/wp-content\/uploads\/2025\/11\/SGGcomunidad-II.jpeg 360w, https:\/\/www.buroperiodistico.com.mx\/wp-content\/uploads\/2025\/11\/SGGcomunidad-II-169x300.jpeg 169w\" sizes=\"auto, (max-width: 360px) 100vw, 360px\" \/><\/p>\n","protected":false},"excerpt":{"rendered":"<p>Ciudad Victoria, Tamaulipas (14-Noviembre-2025).- Durante los meses de septiembre y octubre, la Direcci\u00f3n de Mediaci\u00f3n,&#8230;<\/p>\n","protected":false},"author":1,"featured_media":187807,"comment_status":"closed","ping_status":"closed","sticky":false,"template":"","format":"standard","meta":{"footnotes":"","jetpack_publicize_message":"","jetpack_publicize_feature_enabled":true,"jetpack_social_post_already_shared":true,"jetpack_social_options":{"image_generator_settings":{"template":"highway","default_image_id":0,"font":"","enabled":false},"version":2}},"categories":[10],"tags":[],"class_list":["post-187803","post","type-post","status-publish","format-standard","has-post-thumbnail","hentry","category-tamaulipas"],"jetpack_publicize_connections":[],"_links":{"self":[{"href":"https:\/\/www.buroperiodistico.com.mx\/index.php?rest_route=\/wp\/v2\/posts\/187803","targetHints":{"allow":["GET"]}}],"collection":[{"href":"https:\/\/www.buroperiodistico.com.mx\/index.php?rest_route=\/wp\/v2\/posts"}],"about":[{"href":"https:\/\/www.buroperiodistico.com.mx\/index.php?rest_route=\/wp\/v2\/types\/post"}],"author":[{"embeddable":true,"href":"https:\/\/www.buroperiodistico.com.mx\/index.php?rest_route=\/wp\/v2\/users\/1"}],"replies":[{"embeddable":true,"href":"https:\/\/www.buroperiodistico.com.mx\/index.php?rest_route=%2Fwp%2Fv2%2Fcomments&post=187803"}],"version-history":[{"count":0,"href":"https:\/\/www.buroperiodistico.com.mx\/index.php?rest_route=\/wp\/v2\/posts\/187803\/revisions"}],"wp:featuredmedia":[{"embeddable":true,"href":"https:\/\/www.buroperiodistico.com.mx\/index.php?rest_route=\/wp\/v2\/media\/187807"}],"wp:attachment":[{"href":"https:\/\/www.buroperiodistico.com.mx\/index.php?rest_route=%2Fwp%2Fv2%2Fmedia&parent=187803"}],"wp:term":[{"taxonomy":"category","embeddable":true,"href":"https:\/\/www.buroperiodistico.com.mx\/index.php?rest_route=%2Fwp%2Fv2%2Fcategories&post=187803"},{"taxonomy":"post_tag","embeddable":true,"href":"https:\/\/www.buroperiodistico.com.mx\/index.php?rest_route=%2Fwp%2Fv2%2Ftags&post=187803"}],"curies":[{"name":"wp","href":"https:\/\/api.w.org\/{rel}","templated":true}]}}