{"id":187789,"date":"2025-11-14T13:31:18","date_gmt":"2025-11-14T19:31:18","guid":{"rendered":"https:\/\/www.buroperiodistico.com.mx\/?p=187789"},"modified":"2025-11-14T13:31:18","modified_gmt":"2025-11-14T19:31:18","slug":"firman-sspt-y-cecati-acuerdo-de-colaboracion-para-capacitaciones-laborales-en-cedes","status":"publish","type":"post","link":"https:\/\/www.buroperiodistico.com.mx\/?p=187789","title":{"rendered":"Firman SSPT y CECATI acuerdo de colaboraci\u00f3n para capacitaciones laborales en CEDES"},"content":{"rendered":"<ul>\n<li><strong><em>Mediante este acuerdo oficial, se proporcionar\u00e1n de manera gratuita diferentes capacitaciones para el trabajo a PPLs y con descuento a personal de la SSPT<\/em><\/strong><\/li>\n<\/ul>\n<p><strong><img loading=\"lazy\" decoding=\"async\" class=\" wp-image-187793 alignright\" src=\"https:\/\/www.buroperiodistico.com.mx\/wp-content\/uploads\/2025\/11\/SSPCEDES-1.jpeg\" alt=\"\" width=\"508\" height=\"287\" srcset=\"https:\/\/www.buroperiodistico.com.mx\/wp-content\/uploads\/2025\/11\/SSPCEDES-1.jpeg 1024w, https:\/\/www.buroperiodistico.com.mx\/wp-content\/uploads\/2025\/11\/SSPCEDES-1-300x169.jpeg 300w, https:\/\/www.buroperiodistico.com.mx\/wp-content\/uploads\/2025\/11\/SSPCEDES-1-768x434.jpeg 768w\" sizes=\"auto, (max-width: 508px) 100vw, 508px\" \/>Ciudad Victoria, Tamaulipas (14-Noviembre-2025).-<\/strong> Con la finalidad de fortalecer la estrategia de reinserci\u00f3n social en el eje de las habilidades y oportunidades laborales, la Secretar\u00eda de Seguridad P\u00fablica de Tamaulipas (SSPT) y el Centro de Capacitaci\u00f3n para el Trabajo Industrial (CECATI), formalizaron un acuerdo de colaboraci\u00f3n a trav\u00e9s del cual se brindar\u00e1n diferentes cursos al interior de los Centros de Ejecuci\u00f3n de Sanciones (CEDES).<\/p>\n<p>Esto permitir\u00e1 que las personas privadas de la libertad (PPLs) en la entidad cuenten con herramientas que les ayudar\u00e1n a desarrollar sus conocimientos, habilidades y destrezas, a la vez, contar con una terapia ocupacional que impacte de manera en su proceso.<\/p>\n<p>\u201cLa capacitaci\u00f3n para el trabajo es una de las v\u00edas m\u00e1s poderosas para reconstruir el camino, brinda autonom\u00eda, fortalece la dignidad y abre puertas hacia una vida diferente dentro y fuera de los centros\u201d, manifest\u00f3 el subsecretario de Ejecuci\u00f3n de Sanciones y Reinserci\u00f3n Social, Juan Antonio S\u00e1nchez Ruiz, quien asisti\u00f3 en representaci\u00f3n del titular de la SSPT, Carlos Arturo Pancardo Escudero.<\/p>\n<p>Por su parte, la subdirectora de la Coordinaci\u00f3n de Enlace Operativo en el Estado de Tamaulipas, Lic. Emma Margarita Salas \u00c1valos, reiter\u00f3: \u201clos CECATIs se convierten en espacios donde el trabajo y el aprendizaje son terap\u00e9uticos, ya que permiten recuperar la autoestima, fortalecer la autoconfianza, fomentar la convivencia social y, sobre todo, dar sentido al esfuerzo individual\u201d.<\/p>\n<p><img loading=\"lazy\" decoding=\"async\" class=\"aligncenter size-full wp-image-187790\" src=\"https:\/\/www.buroperiodistico.com.mx\/wp-content\/uploads\/2025\/11\/SSPCEDES-I-1.jpeg\" alt=\"\" width=\"640\" height=\"338\" srcset=\"https:\/\/www.buroperiodistico.com.mx\/wp-content\/uploads\/2025\/11\/SSPCEDES-I-1.jpeg 640w, https:\/\/www.buroperiodistico.com.mx\/wp-content\/uploads\/2025\/11\/SSPCEDES-I-1-300x158.jpeg 300w\" sizes=\"auto, (max-width: 640px) 100vw, 640px\" \/> <img loading=\"lazy\" decoding=\"async\" class=\"aligncenter size-full wp-image-187792\" src=\"https:\/\/www.buroperiodistico.com.mx\/wp-content\/uploads\/2025\/11\/SSPCEDES-III-1.jpeg\" alt=\"\" width=\"640\" height=\"426\" srcset=\"https:\/\/www.buroperiodistico.com.mx\/wp-content\/uploads\/2025\/11\/SSPCEDES-III-1.jpeg 640w, https:\/\/www.buroperiodistico.com.mx\/wp-content\/uploads\/2025\/11\/SSPCEDES-III-1-300x200.jpeg 300w\" sizes=\"auto, (max-width: 640px) 100vw, 640px\" \/> <img loading=\"lazy\" decoding=\"async\" class=\"aligncenter size-full wp-image-187791\" src=\"https:\/\/www.buroperiodistico.com.mx\/wp-content\/uploads\/2025\/11\/SSPCEDES-II-1.jpeg\" alt=\"\" width=\"640\" height=\"319\" srcset=\"https:\/\/www.buroperiodistico.com.mx\/wp-content\/uploads\/2025\/11\/SSPCEDES-II-1.jpeg 640w, https:\/\/www.buroperiodistico.com.mx\/wp-content\/uploads\/2025\/11\/SSPCEDES-II-1-300x150.jpeg 300w\" sizes=\"auto, (max-width: 640px) 100vw, 640px\" \/><\/p>\n","protected":false},"excerpt":{"rendered":"<p>Mediante este acuerdo oficial, se proporcionar\u00e1n de manera gratuita diferentes capacitaciones para el trabajo a&#8230;<\/p>\n","protected":false},"author":1,"featured_media":187793,"comment_status":"closed","ping_status":"closed","sticky":false,"template":"","format":"standard","meta":{"footnotes":"","jetpack_publicize_message":"","jetpack_publicize_feature_enabled":true,"jetpack_social_post_already_shared":true,"jetpack_social_options":{"image_generator_settings":{"template":"highway","default_image_id":0,"font":"","enabled":false},"version":2}},"categories":[10],"tags":[],"class_list":["post-187789","post","type-post","status-publish","format-standard","has-post-thumbnail","hentry","category-tamaulipas"],"jetpack_publicize_connections":[],"_links":{"self":[{"href":"https:\/\/www.buroperiodistico.com.mx\/index.php?rest_route=\/wp\/v2\/posts\/187789","targetHints":{"allow":["GET"]}}],"collection":[{"href":"https:\/\/www.buroperiodistico.com.mx\/index.php?rest_route=\/wp\/v2\/posts"}],"about":[{"href":"https:\/\/www.buroperiodistico.com.mx\/index.php?rest_route=\/wp\/v2\/types\/post"}],"author":[{"embeddable":true,"href":"https:\/\/www.buroperiodistico.com.mx\/index.php?rest_route=\/wp\/v2\/users\/1"}],"replies":[{"embeddable":true,"href":"https:\/\/www.buroperiodistico.com.mx\/index.php?rest_route=%2Fwp%2Fv2%2Fcomments&post=187789"}],"version-history":[{"count":0,"href":"https:\/\/www.buroperiodistico.com.mx\/index.php?rest_route=\/wp\/v2\/posts\/187789\/revisions"}],"wp:featuredmedia":[{"embeddable":true,"href":"https:\/\/www.buroperiodistico.com.mx\/index.php?rest_route=\/wp\/v2\/media\/187793"}],"wp:attachment":[{"href":"https:\/\/www.buroperiodistico.com.mx\/index.php?rest_route=%2Fwp%2Fv2%2Fmedia&parent=187789"}],"wp:term":[{"taxonomy":"category","embeddable":true,"href":"https:\/\/www.buroperiodistico.com.mx\/index.php?rest_route=%2Fwp%2Fv2%2Fcategories&post=187789"},{"taxonomy":"post_tag","embeddable":true,"href":"https:\/\/www.buroperiodistico.com.mx\/index.php?rest_route=%2Fwp%2Fv2%2Ftags&post=187789"}],"curies":[{"name":"wp","href":"https:\/\/api.w.org\/{rel}","templated":true}]}}