{"id":187786,"date":"2025-11-14T12:23:12","date_gmt":"2025-11-14T18:23:12","guid":{"rendered":"https:\/\/www.buroperiodistico.com.mx\/?p=187786"},"modified":"2025-11-14T12:23:12","modified_gmt":"2025-11-14T18:23:12","slug":"refuerza-dif-reynosa-campana-gratuita-de-exploracion-de-mama-y-mastografias","status":"publish","type":"post","link":"https:\/\/www.buroperiodistico.com.mx\/?p=187786","title":{"rendered":"Refuerza DIF-Reynosa campa\u00f1a gratuita de exploraci\u00f3n de mama y mastograf\u00edas"},"content":{"rendered":"<p><em><strong>Reynosa, Tam (14-Noviembre-2025).-<\/strong><\/em> El Sistema DIF Reynosa, que preside Carlos Luis Pe\u00f1a Garza, invita a todas las mujeres de la ciudad a participar en la Campa\u00f1a Gratuita de Exploraci\u00f3n de Mama y Mastograf\u00edas, que se mantiene activas durante este a\u00f1o.<\/p>\n<p>Esta campa\u00f1a est\u00e1 dirigida a mujeres mayores de 25 a\u00f1os para exploraci\u00f3n de mama y mujeres mayores de 40 a\u00f1os para mastograf\u00eda.<\/p>\n<p>El objetivo es acercar servicios de salud a la comunidad y fomentar el autocuidado, recordando que la detecci\u00f3n temprana puede marcar la diferencia y salvar vidas.<\/p>\n<p>Las interesadas pueden agendar su cita llamando al 8999230432, extensi\u00f3n 126, en horario de 8:00 a 16:00 horas, la atenci\u00f3n se brindar\u00e1 en las instalaciones del DIF Central, ubicadas en bulevar Hidalgo n\u00famero 1900 en la colonia Hidalgo.<\/p>\n<p><img loading=\"lazy\" decoding=\"async\" class=\"aligncenter  wp-image-187787\" src=\"https:\/\/www.buroperiodistico.com.mx\/wp-content\/uploads\/2025\/11\/Campnxz.jpg\" alt=\"\" width=\"981\" height=\"530\" srcset=\"https:\/\/www.buroperiodistico.com.mx\/wp-content\/uploads\/2025\/11\/Campnxz.jpg 1110w, https:\/\/www.buroperiodistico.com.mx\/wp-content\/uploads\/2025\/11\/Campnxz-300x162.jpg 300w, https:\/\/www.buroperiodistico.com.mx\/wp-content\/uploads\/2025\/11\/Campnxz-1024x554.jpg 1024w, https:\/\/www.buroperiodistico.com.mx\/wp-content\/uploads\/2025\/11\/Campnxz-768x415.jpg 768w\" sizes=\"auto, (max-width: 981px) 100vw, 981px\" \/><\/p>\n","protected":false},"excerpt":{"rendered":"<p>Reynosa, Tam (14-Noviembre-2025).- El Sistema DIF Reynosa, que preside Carlos Luis Pe\u00f1a Garza, invita a&#8230;<\/p>\n","protected":false},"author":1,"featured_media":187787,"comment_status":"closed","ping_status":"closed","sticky":false,"template":"","format":"standard","meta":{"footnotes":"","jetpack_publicize_message":"","jetpack_publicize_feature_enabled":true,"jetpack_social_post_already_shared":true,"jetpack_social_options":{"image_generator_settings":{"template":"highway","default_image_id":0,"font":"","enabled":false},"version":2}},"categories":[9],"tags":[],"class_list":["post-187786","post","type-post","status-publish","format-standard","has-post-thumbnail","hentry","category-reynosa"],"jetpack_publicize_connections":[],"_links":{"self":[{"href":"https:\/\/www.buroperiodistico.com.mx\/index.php?rest_route=\/wp\/v2\/posts\/187786","targetHints":{"allow":["GET"]}}],"collection":[{"href":"https:\/\/www.buroperiodistico.com.mx\/index.php?rest_route=\/wp\/v2\/posts"}],"about":[{"href":"https:\/\/www.buroperiodistico.com.mx\/index.php?rest_route=\/wp\/v2\/types\/post"}],"author":[{"embeddable":true,"href":"https:\/\/www.buroperiodistico.com.mx\/index.php?rest_route=\/wp\/v2\/users\/1"}],"replies":[{"embeddable":true,"href":"https:\/\/www.buroperiodistico.com.mx\/index.php?rest_route=%2Fwp%2Fv2%2Fcomments&post=187786"}],"version-history":[{"count":0,"href":"https:\/\/www.buroperiodistico.com.mx\/index.php?rest_route=\/wp\/v2\/posts\/187786\/revisions"}],"wp:featuredmedia":[{"embeddable":true,"href":"https:\/\/www.buroperiodistico.com.mx\/index.php?rest_route=\/wp\/v2\/media\/187787"}],"wp:attachment":[{"href":"https:\/\/www.buroperiodistico.com.mx\/index.php?rest_route=%2Fwp%2Fv2%2Fmedia&parent=187786"}],"wp:term":[{"taxonomy":"category","embeddable":true,"href":"https:\/\/www.buroperiodistico.com.mx\/index.php?rest_route=%2Fwp%2Fv2%2Fcategories&post=187786"},{"taxonomy":"post_tag","embeddable":true,"href":"https:\/\/www.buroperiodistico.com.mx\/index.php?rest_route=%2Fwp%2Fv2%2Ftags&post=187786"}],"curies":[{"name":"wp","href":"https:\/\/api.w.org\/{rel}","templated":true}]}}