{"id":187783,"date":"2025-11-14T11:59:24","date_gmt":"2025-11-14T17:59:24","guid":{"rendered":"https:\/\/www.buroperiodistico.com.mx\/?p=187783"},"modified":"2025-11-14T11:59:24","modified_gmt":"2025-11-14T17:59:24","slug":"congreso-alista-convocatoria-para-elegir-a-la-nueva-o-nuevo-fiscal-general-de-tamaulipas","status":"publish","type":"post","link":"https:\/\/www.buroperiodistico.com.mx\/?p=187783","title":{"rendered":"Congreso alista convocatoria para elegir a la nueva o nuevo Fiscal General de Tamaulipas"},"content":{"rendered":"<p><em><strong><img loading=\"lazy\" decoding=\"async\" class=\" wp-image-187784 alignright\" src=\"https:\/\/www.buroperiodistico.com.mx\/wp-content\/uploads\/2025\/11\/Alixtx.jpeg\" alt=\"\" width=\"525\" height=\"344\" srcset=\"https:\/\/www.buroperiodistico.com.mx\/wp-content\/uploads\/2025\/11\/Alixtx.jpeg 1024w, https:\/\/www.buroperiodistico.com.mx\/wp-content\/uploads\/2025\/11\/Alixtx-300x197.jpeg 300w, https:\/\/www.buroperiodistico.com.mx\/wp-content\/uploads\/2025\/11\/Alixtx-768x503.jpeg 768w\" sizes=\"auto, (max-width: 525px) 100vw, 525px\" \/>Cd. Victoria, Tam (14-Noviembre-2025).-<\/strong><\/em> En el marco de la conferencia de prensa La Ma\u00f1anera Legislativa, el presidente de la Junta de Gobierno del Congreso del Estado, anunci\u00f3 la publicaci\u00f3n de la convocatoria abierta y transparente, para elegir al pr\u00f3ximo titular de la Fiscal\u00eda General de Justicia de Tamaulipas.<\/p>\n<p>El diputado Humberto Prieto Herrera se\u00f1al\u00f3 que este viernes la Junta de Gobierno recibir\u00e1 el borrador de convocatoria para el proceso de selecci\u00f3n del titular de la Fiscal\u00eda General de Justicia del Estado de Tamaulipas.<\/p>\n<p>\u201cSi la Junta de Gobierno est\u00e1 de acuerdo, la convocatoria se har\u00e1 p\u00fablica ma\u00f1ana. Vamos en tiempo y forma\u201d, resalt\u00f3.<\/p>\n<p>Asimismo, subray\u00f3 el car\u00e1cter abierto y transparente del proceso:<\/p>\n<p>\u201cNo era obligatorio emitir una convocatoria; el Congreso podr\u00eda enviar directamente dos ternas. Sin embargo, decidimos hacerlo abierto y transparente, sin ning\u00fan trasfondo pol\u00edtico. Eso distingue a este Congreso\u201d.<\/p>\n<p>Inform\u00f3 que los requisitos ser\u00e1n esencialmente los mismos que en procesos anteriores y que la etapa de recepci\u00f3n y evaluaci\u00f3n de perfiles tendr\u00e1 una duraci\u00f3n aproximada de dos a tres semanas.<\/p>\n<p>Finalmente, el diputado reiter\u00f3 que la convocatoria para la Fiscal\u00eda General estar\u00e1 abierta a todas las personas que consideren cumplir con los requisitos legales.<\/p>\n<p>\u201cCualquier aspirante, mujer u hombre, podr\u00e1 registrarse. Posteriormente se aplicar\u00e1n los filtros correspondientes para integrar las ternas, una por cada g\u00e9nero, que ser\u00e1n enviadas al titular del Poder Ejecutivo, quien devolver\u00e1 una terna mixta para su votaci\u00f3n en el Pleno\u201d, explic\u00f3.<\/p>\n<p>Quien obtenga al menos las dos terceras partes de los votos de las y los integrantes del Pleno ser\u00e1 designado como Fiscal General de Justicia del Estado, a partir de la segunda quincena de diciembre de este a\u00f1o.<\/p>\n","protected":false},"excerpt":{"rendered":"<p>Cd. Victoria, Tam (14-Noviembre-2025).- En el marco de la conferencia de prensa La Ma\u00f1anera Legislativa,&#8230;<\/p>\n","protected":false},"author":1,"featured_media":187784,"comment_status":"closed","ping_status":"closed","sticky":false,"template":"","format":"standard","meta":{"footnotes":"","jetpack_publicize_message":"","jetpack_publicize_feature_enabled":true,"jetpack_social_post_already_shared":true,"jetpack_social_options":{"image_generator_settings":{"template":"highway","default_image_id":0,"font":"","enabled":false},"version":2}},"categories":[17,25],"tags":[],"class_list":["post-187783","post","type-post","status-publish","format-standard","has-post-thumbnail","hentry","category-ciudadvictoria","category-portada"],"jetpack_publicize_connections":[],"_links":{"self":[{"href":"https:\/\/www.buroperiodistico.com.mx\/index.php?rest_route=\/wp\/v2\/posts\/187783","targetHints":{"allow":["GET"]}}],"collection":[{"href":"https:\/\/www.buroperiodistico.com.mx\/index.php?rest_route=\/wp\/v2\/posts"}],"about":[{"href":"https:\/\/www.buroperiodistico.com.mx\/index.php?rest_route=\/wp\/v2\/types\/post"}],"author":[{"embeddable":true,"href":"https:\/\/www.buroperiodistico.com.mx\/index.php?rest_route=\/wp\/v2\/users\/1"}],"replies":[{"embeddable":true,"href":"https:\/\/www.buroperiodistico.com.mx\/index.php?rest_route=%2Fwp%2Fv2%2Fcomments&post=187783"}],"version-history":[{"count":0,"href":"https:\/\/www.buroperiodistico.com.mx\/index.php?rest_route=\/wp\/v2\/posts\/187783\/revisions"}],"wp:featuredmedia":[{"embeddable":true,"href":"https:\/\/www.buroperiodistico.com.mx\/index.php?rest_route=\/wp\/v2\/media\/187784"}],"wp:attachment":[{"href":"https:\/\/www.buroperiodistico.com.mx\/index.php?rest_route=%2Fwp%2Fv2%2Fmedia&parent=187783"}],"wp:term":[{"taxonomy":"category","embeddable":true,"href":"https:\/\/www.buroperiodistico.com.mx\/index.php?rest_route=%2Fwp%2Fv2%2Fcategories&post=187783"},{"taxonomy":"post_tag","embeddable":true,"href":"https:\/\/www.buroperiodistico.com.mx\/index.php?rest_route=%2Fwp%2Fv2%2Ftags&post=187783"}],"curies":[{"name":"wp","href":"https:\/\/api.w.org\/{rel}","templated":true}]}}