{"id":187779,"date":"2025-11-14T11:55:02","date_gmt":"2025-11-14T17:55:02","guid":{"rendered":"https:\/\/www.buroperiodistico.com.mx\/?p=187779"},"modified":"2025-11-14T11:55:02","modified_gmt":"2025-11-14T17:55:02","slug":"infonavit-realiza-ferias-de-promocion-de-viviendas-del-bienestar-en-tamaulipas","status":"publish","type":"post","link":"https:\/\/www.buroperiodistico.com.mx\/?p=187779","title":{"rendered":"INFONAVIT REALIZA FERIAS DE PROMOCI\u00d3N DE VIVIENDAS DEL BIENESTAR EN TAMAULIPAS"},"content":{"rendered":"<ul>\n<li><strong><em>Se llevan a cabo durante el mes de noviembre, de martes a s\u00e1bado, de 09:00 a 14:00 horas, para que las y los trabajadores conozcan las casas del programa.<\/em><\/strong><\/li>\n<li><strong><em>Las personas tambi\u00e9n podr\u00e1n recibir informaci\u00f3n sobre las caracter\u00edsticas y los requisitos para acceder a una de estas casas.<\/em><\/strong><\/li>\n<\/ul>\n<p><em><strong><img loading=\"lazy\" decoding=\"async\" class=\" wp-image-187781 alignright\" src=\"https:\/\/www.buroperiodistico.com.mx\/wp-content\/uploads\/2025\/11\/Injonavi.jpeg\" alt=\"\" width=\"542\" height=\"320\" srcset=\"https:\/\/www.buroperiodistico.com.mx\/wp-content\/uploads\/2025\/11\/Injonavi.jpeg 1024w, https:\/\/www.buroperiodistico.com.mx\/wp-content\/uploads\/2025\/11\/Injonavi-300x177.jpeg 300w, https:\/\/www.buroperiodistico.com.mx\/wp-content\/uploads\/2025\/11\/Injonavi-768x454.jpeg 768w\" sizes=\"auto, (max-width: 542px) 100vw, 542px\" \/>Tamaulipas (14-Noviembre-2025).-<\/strong><\/em> El INFONAVIT realiza las Ferias de Promoci\u00f3n de Viviendas del Bienestar en Tamaulipas, para que las y los trabajadores que cotizan en el Instituto puedan conocer las casas de este programa impulsado por la Presidenta Claudia Sheinbaum y recibir orientaci\u00f3n sobre c\u00f3mo adquirir uno de estos inmuebles.<\/p>\n<p>La atenci\u00f3n se brinda de martes a s\u00e1bado, del 05 al 29 de noviembre, en un horario de 09:00 a 14:00 horas, en los fraccionamientos de:<br \/>\n&#8211; San Felipe II: calle Estado de Veracruz, colonia San Felipe II, M8 L1-A, en Ciudad Victoria.<br \/>\n&#8211; Arecas: calle Olmo, colonia Arecas, Edificio 201-B, en Matamoros.<\/p>\n<p>Los \u00fanicos requisitos que deber\u00e1n cumplir las y los derechohabientes que est\u00e9n interesados en est\u00e1s casas y departamentos son:<br \/>\n&#8211; Ganar entre uno y dos salarios m\u00ednimos<br \/>\n&#8211; No contar con vivienda propia<br \/>\n&#8211; Tener un empleo formal<br \/>\nLa asignaci\u00f3n de las viviendas se realizar\u00e1 conforme al orden de registro de las personas derechohabientes interesadas; por eso, es importante que actualicen sus datos personales: tel\u00e9fono, correo electr\u00f3nico y direcci\u00f3n, en Mi Cuenta INFONAVIT (www.micuenta.infonavit.org.mx) o en los Centros de Servicio INFONAVIT; en estos \u00faltimos tambi\u00e9n podr\u00e1n conocer la oferta de vivienda disponible en su localidad.<\/p>\n<p>Como un instituto de car\u00e1cter social y humanista, el INFONAVIT reafirma su compromiso de ofrecer oportunidades reales a quienes m\u00e1s lo necesitan, asegurando que las y los trabajadores con menores ingresos puedan acceder a una vivienda segura y bien planificada, contribuyendo as\u00ed a la construcci\u00f3n de un futuro con mayor bienestar y justicia social.<\/p>\n<p><img loading=\"lazy\" decoding=\"async\" class=\"aligncenter size-full wp-image-187780\" src=\"https:\/\/www.buroperiodistico.com.mx\/wp-content\/uploads\/2025\/11\/Injonavi-I.jpeg\" alt=\"\" width=\"640\" height=\"427\" srcset=\"https:\/\/www.buroperiodistico.com.mx\/wp-content\/uploads\/2025\/11\/Injonavi-I.jpeg 640w, https:\/\/www.buroperiodistico.com.mx\/wp-content\/uploads\/2025\/11\/Injonavi-I-300x200.jpeg 300w\" sizes=\"auto, (max-width: 640px) 100vw, 640px\" \/><\/p>\n","protected":false},"excerpt":{"rendered":"<p>Se llevan a cabo durante el mes de noviembre, de martes a s\u00e1bado, de 09:00&#8230;<\/p>\n","protected":false},"author":1,"featured_media":187781,"comment_status":"closed","ping_status":"closed","sticky":false,"template":"","format":"standard","meta":{"footnotes":"","jetpack_publicize_message":"","jetpack_publicize_feature_enabled":true,"jetpack_social_post_already_shared":true,"jetpack_social_options":{"image_generator_settings":{"template":"highway","default_image_id":0,"font":"","enabled":false},"version":2}},"categories":[10],"tags":[],"class_list":["post-187779","post","type-post","status-publish","format-standard","has-post-thumbnail","hentry","category-tamaulipas"],"jetpack_publicize_connections":[],"_links":{"self":[{"href":"https:\/\/www.buroperiodistico.com.mx\/index.php?rest_route=\/wp\/v2\/posts\/187779","targetHints":{"allow":["GET"]}}],"collection":[{"href":"https:\/\/www.buroperiodistico.com.mx\/index.php?rest_route=\/wp\/v2\/posts"}],"about":[{"href":"https:\/\/www.buroperiodistico.com.mx\/index.php?rest_route=\/wp\/v2\/types\/post"}],"author":[{"embeddable":true,"href":"https:\/\/www.buroperiodistico.com.mx\/index.php?rest_route=\/wp\/v2\/users\/1"}],"replies":[{"embeddable":true,"href":"https:\/\/www.buroperiodistico.com.mx\/index.php?rest_route=%2Fwp%2Fv2%2Fcomments&post=187779"}],"version-history":[{"count":0,"href":"https:\/\/www.buroperiodistico.com.mx\/index.php?rest_route=\/wp\/v2\/posts\/187779\/revisions"}],"wp:featuredmedia":[{"embeddable":true,"href":"https:\/\/www.buroperiodistico.com.mx\/index.php?rest_route=\/wp\/v2\/media\/187781"}],"wp:attachment":[{"href":"https:\/\/www.buroperiodistico.com.mx\/index.php?rest_route=%2Fwp%2Fv2%2Fmedia&parent=187779"}],"wp:term":[{"taxonomy":"category","embeddable":true,"href":"https:\/\/www.buroperiodistico.com.mx\/index.php?rest_route=%2Fwp%2Fv2%2Fcategories&post=187779"},{"taxonomy":"post_tag","embeddable":true,"href":"https:\/\/www.buroperiodistico.com.mx\/index.php?rest_route=%2Fwp%2Fv2%2Ftags&post=187779"}],"curies":[{"name":"wp","href":"https:\/\/api.w.org\/{rel}","templated":true}]}}